{"id":5377,"date":"2023-05-25T09:00:35","date_gmt":"2023-05-25T09:00:35","guid":{"rendered":"https:\/\/transtelsa.com\/?p=5377"},"modified":"2024-09-26T08:59:44","modified_gmt":"2024-09-26T08:59:44","slug":"estas-sao-as-plataformas-aereas-da-transtel","status":"publish","type":"post","link":"https:\/\/transtelsa.com\/pt-pt\/blog\/estas-sao-as-plataformas-aereas-da-transtel\/","title":{"rendered":"Estas s\u00e3o as plataformas a\u00e9reas da TransTel"},"content":{"rendered":"<p><span style=\"font-weight: 400;\">Na TransTel, dispomos de uma grande variedade de ve\u00edculos especializados, conhecidos como plataformas a\u00e9reas, plataformas a\u00e9reas ou pick-ups de cesto, carrinhas de cesto e cami\u00f5es de cesto, que s\u00e3o os mais numerosos da nossa frota.<\/span><\/p>\n<p>&nbsp;<\/p>\n<p><span style=\"font-weight: 400;\">Estes ve\u00edculos desempenham um papel fundamental na instala\u00e7\u00e3o e manuten\u00e7\u00e3o de linhas de comunica\u00e7\u00e3o, bem como noutras tarefas como a poda, coloca\u00e7\u00e3o de sinaliza\u00e7\u00e3o, manuten\u00e7\u00e3o de pontes e ilumina\u00e7\u00e3o, entre outras.<\/span><\/p>\n<p>&nbsp;<\/p>\n<p><b>Como s\u00e3o as plataformas a\u00e9reas da TransTel: tudo o que precisa de saber! <\/b><span style=\"font-weight: 400;\">Basicamente, existem dois tipos de plataformas a\u00e9reas, as plataformas a\u00e9reas ou os cami\u00f5es cestos:<\/span><\/p>\n<p>&nbsp;<\/p>\n<p><b>Plataformas Telesc\u00f3picas: <\/b><span style=\"font-weight: 400;\">Destacam-se pela capacidade de extens\u00e3o e retra\u00e7\u00e3o r\u00e1pida da lan\u00e7a, o que permite agilizar significativamente as opera\u00e7\u00f5es de manuten\u00e7\u00e3o.<\/span><span style=\"font-weight: 400;\"><br \/>\n<\/span><\/p>\n<p><b>Plataformas Articuladas: <\/b><span style=\"font-weight: 400;\">A sua principal vantagem reside na capacidade de aceder a locais de dif\u00edcil acesso, gra\u00e7as \u00e0 sua conce\u00e7\u00e3o articulada.<\/span><\/p>\n<p><span style=\"font-weight: 400;\">Na TransTel, dispomos de tr\u00eas tipos de unidades que podem ser adaptadas para incorporar estas plataformas ou cestos: chassis ou cami\u00e3o de 3.500 kg, furg\u00f5es e Pick Up ou ve\u00edculos todo-o-terreno.<\/span><\/p>\n<p>&nbsp;<\/p>\n<p><span style=\"font-weight: 400;\">Al\u00e9m disso, as nossas plataformas a\u00e9reas tamb\u00e9m oferecem op\u00e7\u00f5es de pr\u00e9-entrega para alugueres de longa dura\u00e7\u00e3o, bem como unidades de substitui\u00e7\u00e3o em caso de avarias prolongadas.<\/span><\/p>\n<p>&nbsp;<\/p>\n<p><span style=\"font-weight: 400;\">Oferecemos uma variedade de alturas dispon\u00edveis, desde 12 metros a 20 metros.<\/span><\/p>\n<p>&nbsp;<\/p>\n<h2><b>Como funcionam as plataformas de trabalho a\u00e9reo da TransTel<\/b><\/h2>\n<p><span style=\"font-weight: 400;\">Dispomos de uma grande variedade de ve\u00edculos com uma plataforma a\u00e9rea incorporada, ou seja, uma m\u00e1quina especificamente concebida para facilitar os trabalhos industriais. Os ve\u00edculos com plataforma a\u00e9rea est\u00e3o equipados com estabilizadores que podem ser A+H, H+H ou A+A.<\/span><\/p>\n<p>&nbsp;<\/p>\n<p><span style=\"font-weight: 400;\">Estes ve\u00edculos caracterizam-se por serem robustos, est\u00e1veis e capazes de atingir alturas significativas.<\/span><\/p>\n<p>&nbsp;<\/p>\n<h2><b>Cesto Pick Up<\/b><\/h2>\n<p><span style=\"font-weight: 400;\">O ve\u00edculo Pick Up 4\u00d74 com plataforma elevat\u00f3ria \u00e9 capaz de atingir alturas at\u00e9 15 metros. Este ve\u00edculo oferece uma grande capacidade de armazenamento e \u00e9 extremamente vers\u00e1til e robusto.<\/span><\/p>\n<p>&nbsp;<\/p>\n<p><span style=\"font-weight: 400;\">Est\u00e1 equipado com suportes para postes e escadas, o que o torna ainda mais pr\u00e1tico em diferentes situa\u00e7\u00f5es. Al\u00e9m disso, o controlo sobre a grua \u00e9 total e a sua plataforma \u00e9 capaz de suportar cargas superiores a 200 kg, tendo em conta os dois operadores e o material transportado.<\/span><\/p>\n<p>&nbsp;<\/p>\n<p><span style=\"font-weight: 400;\">Al\u00e9m disso, este ve\u00edculo tem um distintivo ambiental, ou seja, tem um autocolante de emiss\u00f5es tipo C, ECO ou 0, e \u00e9 necess\u00e1ria uma carta de condu\u00e7\u00e3o tipo B para conduzir este ve\u00edculo.<\/span><\/p>\n<p>&nbsp;<\/p>\n<p><img loading=\"lazy\" decoding=\"async\" class=\"alignnone wp-image-5383 size-full\" src=\"https:\/\/transtelsa.com\/wp-content\/uploads\/2023\/05\/Pick-Up-Cesta-768x617-1.png\" alt=\"\" width=\"768\" height=\"617\" srcset=\"https:\/\/transtelsa.com\/wp-content\/uploads\/2023\/05\/Pick-Up-Cesta-768x617-1.png 768w, https:\/\/transtelsa.com\/wp-content\/uploads\/2023\/05\/Pick-Up-Cesta-768x617-1-300x241.png 300w\" sizes=\"auto, (max-width: 768px) 100vw, 768px\" \/><\/p>\n<p>&nbsp;<\/p>\n<h2><b>Cami\u00e3o cesto<\/b><\/h2>\n<p><span style=\"font-weight: 400;\">O chassis cesto tem a capacidade de atingir uma altura m\u00e1xima de 20 metros. Estes ve\u00edculos s\u00e3o altamente fi\u00e1veis e t\u00eam uma estrutura robusta. O seu cesto tem capacidade para transportar cargas de aproximadamente 200 kg, tendo em conta tanto os dois trabalhadores como o material transportado.<\/span><span style=\"font-weight: 400;\"><br \/>\n<\/span><\/p>\n<p><span style=\"font-weight: 400;\">\u00c9 muito utilizado no sector da constru\u00e7\u00e3o devido \u00e0 sua grande versatilidade e capacidade de transportar, deslocar e elevar cargas tanto na vertical como na horizontal. Por este motivo, a sua utiliza\u00e7\u00e3o \u00e9 fundamental nos trabalhos de manuten\u00e7\u00e3o e repara\u00e7\u00e3o de pontes rolantes.<\/span><\/p>\n<p>&nbsp;<\/p>\n<p><span style=\"font-weight: 400;\">Tal como o ve\u00edculo anterior, possuem o autocolante de emiss\u00f5es tipo C, ECO ou 0, e podem ser conduzidos com carta B.<\/span><\/p>\n<p>&nbsp;<\/p>\n<p><img loading=\"lazy\" decoding=\"async\" class=\"alignnone wp-image-5386 size-full\" src=\"https:\/\/transtelsa.com\/wp-content\/uploads\/2023\/05\/Camion-Cesta-768x431-1.png\" alt=\"\" width=\"768\" height=\"431\" srcset=\"https:\/\/transtelsa.com\/wp-content\/uploads\/2023\/05\/Camion-Cesta-768x431-1.png 768w, https:\/\/transtelsa.com\/wp-content\/uploads\/2023\/05\/Camion-Cesta-768x431-1-300x168.png 300w\" sizes=\"auto, (max-width: 768px) 100vw, 768px\" \/><\/p>\n<p>&nbsp;<\/p>\n<h2><b>Furg\u00e3o cesto<\/b><\/h2>\n<p><span style=\"font-weight: 400;\">O furg\u00e3o equipado com uma plataforma elevat\u00f3ria tem a capacidade de atingir alturas at\u00e9 15 metros. Este ve\u00edculo \u00e9 constru\u00eddo com as principais marcas do mercado e oferece uma grande capacidade de arruma\u00e7\u00e3o.<\/span><\/p>\n<p>&nbsp;<\/p>\n<p><span style=\"font-weight: 400;\">Pode ser equipado com estabilizadores, consoante as necessidades espec\u00edficas. Al\u00e9m disso, a sua carro\u00e7aria exterior \u00e9 adaptada \u00e0s necessidades do cliente.<\/span><\/p>\n<p>&nbsp;<\/p>\n<p><span style=\"font-weight: 400;\">A plataforma de eleva\u00e7\u00e3o do furg\u00e3o tem capacidade para transportar cargas at\u00e9 150 kg, tendo em conta os dois operadores e o material transportado.<\/span><\/p>\n<p>&nbsp;<\/p>\n<p><span style=\"font-weight: 400;\">Al\u00e9m disso, este ve\u00edculo tem um distintivo ambiental, ou seja, tem um autocolante de emiss\u00f5es tipo C, ECO ou 0. \u00c9 necess\u00e1ria uma carta de condu\u00e7\u00e3o tipo B para conduzir este ve\u00edculo.<\/span><\/p>\n<p>&nbsp;<\/p>\n<p><img loading=\"lazy\" decoding=\"async\" class=\"alignnone wp-image-5389 size-full\" src=\"https:\/\/transtelsa.com\/wp-content\/uploads\/2023\/05\/Furgon-Cesta-768x615-1.png\" alt=\"\" width=\"768\" height=\"615\" srcset=\"https:\/\/transtelsa.com\/wp-content\/uploads\/2023\/05\/Furgon-Cesta-768x615-1.png 768w, https:\/\/transtelsa.com\/wp-content\/uploads\/2023\/05\/Furgon-Cesta-768x615-1-300x240.png 300w\" sizes=\"auto, (max-width: 768px) 100vw, 768px\" \/><\/p>\n<p>&nbsp;<\/p>\n<p><span style=\"font-weight: 400;\">A TransTel disp\u00f5e de uma vasta gama de ve\u00edculos especializados, como plataformas a\u00e9reas, cami\u00f5es-cesto e carrinhas-cesto, que desempenham um papel crucial.<\/span><\/p>\n<p>&nbsp;<\/p>\n<p><span style=\"font-weight: 400;\">S\u00e3o ideais para a instala\u00e7\u00e3o e manuten\u00e7\u00e3o de linhas de comunica\u00e7\u00e3o, na poda, coloca\u00e7\u00e3o de sinal\u00e9tica e manuten\u00e7\u00e3o de pontes e ilumina\u00e7\u00e3o.<\/span><\/p>\n<p>&nbsp;<\/p>\n<p><span style=\"font-weight: 400;\">Oferece uma vasta gama de ve\u00edculos especializados com plataformas elevat\u00f3rias que satisfazem os requisitos de altura, capacidade de carga e versatilidade.<\/span><\/p>\n<p>&nbsp;<\/p>\n<p><span style=\"font-weight: 400;\">Se precisar de mais informa\u00e7\u00f5es sobre plataformas a\u00e9reas ou quiser saber mais sobre cada modelo, visite o nosso site.<\/span><\/p>\n<p><span style=\"font-weight: 400;\">Na <\/span><b>TransTel, <\/b><span style=\"font-weight: 400;\">temos uma longa experi\u00eancia e trabalhamos com marcas de renome que nos apoiam como l\u00edderes no sector dos ve\u00edculos industriais. Se estiver interessado em obter mais informa\u00e7\u00f5es ou solicitar os nossos servi\u00e7os, clique aqui.<\/span><\/p>\n","protected":false},"excerpt":{"rendered":"<p>Na TransTel, dispomos de uma grande variedade de ve\u00edculos especializados, conhecidos como plataformas a\u00e9reas, plataformas a\u00e9reas ou pick-ups de cesto, carrinhas de cesto e cami\u00f5es de cesto, que s\u00e3o os mais numerosos da nossa frota. &nbsp; Estes ve\u00edculos desempenham um papel fundamental na instala\u00e7\u00e3o e manuten\u00e7\u00e3o de linhas de comunica\u00e7\u00e3o, bem como noutras tarefas como [&hellip;]<\/p>\n","protected":false},"author":4,"featured_media":5378,"comment_status":"open","ping_status":"open","sticky":false,"template":"","format":"standard","meta":{"_acf_changed":false,"footnotes":""},"categories":[592,590],"tags":[919,623,914,921,923,688,925,915,916,918,684,928,927,677,924,926,917,620,642,922,920],"class_list":["post-5377","post","type-post","status-publish","format-standard","has-post-thumbnail","hentry","category-tudo-sobre-aluguer-de-veiculos","category-veiculos","tag-altura-de-trabalho","tag-aluguer-de-veiculos","tag-camioes-cesto","tag-capacidade-de-carga","tag-distincao-ambiental","tag-eficiencia-operacional","tag-equipamento-especializado","tag-furgoes-cesto","tag-manutencao-de-linhas-de-comunicacao","tag-manutencao-de-pontes","tag-plataformas-aereas-pt-pt","tag-plataformas-articuladas-pt-pt","tag-plataformas-telescopicas-pt-pt","tag-poda","tag-seguranca","tag-servicos-industriais","tag-sinalizacao","tag-transtel-pt-pt","tag-veiculos-industriais","tag-veiculos-todo-o-terreno","tag-versatilidade"],"acf":[],"yoast_head":"<!-- This site is optimized with the Yoast SEO plugin v26.9 - https:\/\/yoast.com\/product\/yoast-seo-wordpress\/ -->\n<title>Estas s\u00e3o as plataformas a\u00e9reas da TransTel - Transtel<\/title>\n<meta name=\"robots\" content=\"index, follow, max-snippet:-1, max-image-preview:large, max-video-preview:-1\" \/>\n<link rel=\"canonical\" href=\"https:\/\/transtelsa.com\/pt-pt\/blog\/estas-sao-as-plataformas-aereas-da-transtel\/\" \/>\n<meta property=\"og:locale\" content=\"pt_PT\" \/>\n<meta property=\"og:type\" content=\"article\" \/>\n<meta property=\"og:title\" content=\"Estas s\u00e3o as plataformas a\u00e9reas da TransTel - Transtel\" \/>\n<meta property=\"og:description\" content=\"Na TransTel, dispomos de uma grande variedade de ve\u00edculos especializados, conhecidos como plataformas a\u00e9reas, plataformas a\u00e9reas ou pick-ups de cesto, carrinhas de cesto e cami\u00f5es de cesto, que s\u00e3o os mais numerosos da nossa frota. &nbsp; Estes ve\u00edculos desempenham um papel fundamental na instala\u00e7\u00e3o e manuten\u00e7\u00e3o de linhas de comunica\u00e7\u00e3o, bem como noutras tarefas como [&hellip;]\" \/>\n<meta property=\"og:url\" content=\"https:\/\/transtelsa.com\/pt-pt\/blog\/estas-sao-as-plataformas-aereas-da-transtel\/\" \/>\n<meta property=\"og:site_name\" content=\"Transtel\" \/>\n<meta property=\"article:publisher\" content=\"https:\/\/www.facebook.com\/transtelsa\" \/>\n<meta property=\"article:published_time\" content=\"2023-05-25T09:00:35+00:00\" \/>\n<meta property=\"article:modified_time\" content=\"2024-09-26T08:59:44+00:00\" \/>\n<meta property=\"og:image\" content=\"https:\/\/transtelsa.com\/wp-content\/uploads\/2023\/05\/plataforma-aerea.renting-transtel-1-1.jpg\" \/>\n\t<meta property=\"og:image:width\" content=\"1500\" \/>\n\t<meta property=\"og:image:height\" content=\"844\" \/>\n\t<meta property=\"og:image:type\" content=\"image\/jpeg\" \/>\n<meta name=\"author\" content=\"TranstelsaPT\" \/>\n<meta name=\"twitter:card\" content=\"summary_large_image\" \/>\n<meta name=\"twitter:creator\" content=\"@PISTO\" \/>\n<meta name=\"twitter:label1\" content=\"Escrito por\" \/>\n\t<meta name=\"twitter:data1\" content=\"TranstelsaPT\" \/>\n\t<meta name=\"twitter:label2\" content=\"Tempo estimado de leitura\" \/>\n\t<meta name=\"twitter:data2\" content=\"5 minutos\" \/>\n<script type=\"application\/ld+json\" class=\"yoast-schema-graph\">{\"@context\":\"https:\/\/schema.org\",\"@graph\":[{\"@type\":\"Article\",\"@id\":\"https:\/\/transtelsa.com\/pt-pt\/blog\/estas-sao-as-plataformas-aereas-da-transtel\/#article\",\"isPartOf\":{\"@id\":\"https:\/\/transtelsa.com\/pt-pt\/blog\/estas-sao-as-plataformas-aereas-da-transtel\/\"},\"author\":{\"name\":\"TranstelsaPT\",\"@id\":\"https:\/\/transtelsa.com\/#\/schema\/person\/6c0046a8957598287c3921e1247cd567\"},\"headline\":\"Estas s\u00e3o as plataformas a\u00e9reas da TransTel\",\"datePublished\":\"2023-05-25T09:00:35+00:00\",\"dateModified\":\"2024-09-26T08:59:44+00:00\",\"mainEntityOfPage\":{\"@id\":\"https:\/\/transtelsa.com\/pt-pt\/blog\/estas-sao-as-plataformas-aereas-da-transtel\/\"},\"wordCount\":848,\"commentCount\":0,\"publisher\":{\"@id\":\"https:\/\/transtelsa.com\/#organization\"},\"image\":{\"@id\":\"https:\/\/transtelsa.com\/pt-pt\/blog\/estas-sao-as-plataformas-aereas-da-transtel\/#primaryimage\"},\"thumbnailUrl\":\"https:\/\/transtelsa.com\/wp-content\/uploads\/2023\/05\/plataforma-aerea.renting-transtel-1-1.jpg\",\"keywords\":[\"altura de trabalho\",\"Aluguer de Ve\u00edculos\",\"cami\u00f5es cesto\",\"capacidade de carga\",\"distin\u00e7\u00e3o ambiental\",\"Efici\u00eancia Operacional\",\"equipamento especializado\",\"furg\u00f5es cesto\",\"manuten\u00e7\u00e3o de linhas de comunica\u00e7\u00e3o\",\"manuten\u00e7\u00e3o de pontes\",\"Plataformas A\u00e9reas\",\"Plataformas Articuladas\",\"Plataformas Telesc\u00f3picas\",\"Poda\",\"seguran\u00e7a\",\"servi\u00e7os industriais\",\"sinaliza\u00e7\u00e3o\",\"transtel\",\"Ve\u00edculos Industriais\",\"ve\u00edculos todo-o-terreno\",\"versatilidade\"],\"articleSection\":[\"Tudo sobre aluguer de ve\u00edculos\",\"Ve\u00edculos\"],\"inLanguage\":\"pt-PT\",\"potentialAction\":[{\"@type\":\"CommentAction\",\"name\":\"Comment\",\"target\":[\"https:\/\/transtelsa.com\/pt-pt\/blog\/estas-sao-as-plataformas-aereas-da-transtel\/#respond\"]}]},{\"@type\":\"WebPage\",\"@id\":\"https:\/\/transtelsa.com\/pt-pt\/blog\/estas-sao-as-plataformas-aereas-da-transtel\/\",\"url\":\"https:\/\/transtelsa.com\/pt-pt\/blog\/estas-sao-as-plataformas-aereas-da-transtel\/\",\"name\":\"Estas s\u00e3o as plataformas a\u00e9reas da TransTel - Transtel\",\"isPartOf\":{\"@id\":\"https:\/\/transtelsa.com\/#website\"},\"primaryImageOfPage\":{\"@id\":\"https:\/\/transtelsa.com\/pt-pt\/blog\/estas-sao-as-plataformas-aereas-da-transtel\/#primaryimage\"},\"image\":{\"@id\":\"https:\/\/transtelsa.com\/pt-pt\/blog\/estas-sao-as-plataformas-aereas-da-transtel\/#primaryimage\"},\"thumbnailUrl\":\"https:\/\/transtelsa.com\/wp-content\/uploads\/2023\/05\/plataforma-aerea.renting-transtel-1-1.jpg\",\"datePublished\":\"2023-05-25T09:00:35+00:00\",\"dateModified\":\"2024-09-26T08:59:44+00:00\",\"inLanguage\":\"pt-PT\",\"potentialAction\":[{\"@type\":\"ReadAction\",\"target\":[\"https:\/\/transtelsa.com\/pt-pt\/blog\/estas-sao-as-plataformas-aereas-da-transtel\/\"]}]},{\"@type\":\"ImageObject\",\"inLanguage\":\"pt-PT\",\"@id\":\"https:\/\/transtelsa.com\/pt-pt\/blog\/estas-sao-as-plataformas-aereas-da-transtel\/#primaryimage\",\"url\":\"https:\/\/transtelsa.com\/wp-content\/uploads\/2023\/05\/plataforma-aerea.renting-transtel-1-1.jpg\",\"contentUrl\":\"https:\/\/transtelsa.com\/wp-content\/uploads\/2023\/05\/plataforma-aerea.renting-transtel-1-1.jpg\",\"width\":1500,\"height\":844,\"caption\":\"plataforma aerea.renting transtel 1 1\"},{\"@type\":\"WebSite\",\"@id\":\"https:\/\/transtelsa.com\/#website\",\"url\":\"https:\/\/transtelsa.com\/\",\"name\":\"Transtel SA\",\"description\":\"\u27a1\ufe0f Aluguel e Loca\u00e7\u00e3o de Ve\u00edculos Industriais | Transtel SA\",\"publisher\":{\"@id\":\"https:\/\/transtelsa.com\/#organization\"},\"potentialAction\":[{\"@type\":\"SearchAction\",\"target\":{\"@type\":\"EntryPoint\",\"urlTemplate\":\"https:\/\/transtelsa.com\/?s={search_term_string}\"},\"query-input\":{\"@type\":\"PropertyValueSpecification\",\"valueRequired\":true,\"valueName\":\"search_term_string\"}}],\"inLanguage\":\"pt-PT\"},{\"@type\":\"Organization\",\"@id\":\"https:\/\/transtelsa.com\/#organization\",\"name\":\"Transtel SA\",\"url\":\"https:\/\/transtelsa.com\/\",\"logo\":{\"@type\":\"ImageObject\",\"inLanguage\":\"pt-PT\",\"@id\":\"https:\/\/transtelsa.com\/#\/schema\/logo\/image\/\",\"url\":\"https:\/\/transtelsa.com\/wp-content\/uploads\/2023\/03\/cropped-transtelfavicon.png\",\"contentUrl\":\"https:\/\/transtelsa.com\/wp-content\/uploads\/2023\/03\/cropped-transtelfavicon.png\",\"width\":512,\"height\":512,\"caption\":\"Transtel SA\"},\"image\":{\"@id\":\"https:\/\/transtelsa.com\/#\/schema\/logo\/image\/\"},\"sameAs\":[\"https:\/\/www.facebook.com\/transtelsa\",\"https:\/\/www.instagram.com\/transtelsa\/\",\"https:\/\/www.linkedin.com\/company\/transtel-sa\/\",\"https:\/\/www.youtube.com\/@transtelsa\"]},{\"@type\":\"Person\",\"@id\":\"https:\/\/transtelsa.com\/#\/schema\/person\/6c0046a8957598287c3921e1247cd567\",\"name\":\"TranstelsaPT\",\"image\":{\"@type\":\"ImageObject\",\"inLanguage\":\"pt-PT\",\"@id\":\"https:\/\/transtelsa.com\/#\/schema\/person\/image\/\",\"url\":\"https:\/\/secure.gravatar.com\/avatar\/e317d26bea46da66a6fe556b3fc0c9835105b999f4aa98f4493564ef375e29b5?s=96&d=mm&r=g\",\"contentUrl\":\"https:\/\/secure.gravatar.com\/avatar\/e317d26bea46da66a6fe556b3fc0c9835105b999f4aa98f4493564ef375e29b5?s=96&d=mm&r=g\",\"caption\":\"TranstelsaPT\"},\"sameAs\":[\"https:\/\/x.com\/PISTO\"],\"url\":\"https:\/\/transtelsa.com\/pt-pt\/blog\/author\/transtelsapt\/\"}]}<\/script>\n<!-- \/ Yoast SEO plugin. -->","yoast_head_json":{"title":"Estas s\u00e3o as plataformas a\u00e9reas da TransTel - Transtel","robots":{"index":"index","follow":"follow","max-snippet":"max-snippet:-1","max-image-preview":"max-image-preview:large","max-video-preview":"max-video-preview:-1"},"canonical":"https:\/\/transtelsa.com\/pt-pt\/blog\/estas-sao-as-plataformas-aereas-da-transtel\/","og_locale":"pt_PT","og_type":"article","og_title":"Estas s\u00e3o as plataformas a\u00e9reas da TransTel - Transtel","og_description":"Na TransTel, dispomos de uma grande variedade de ve\u00edculos especializados, conhecidos como plataformas a\u00e9reas, plataformas a\u00e9reas ou pick-ups de cesto, carrinhas de cesto e cami\u00f5es de cesto, que s\u00e3o os mais numerosos da nossa frota. &nbsp; Estes ve\u00edculos desempenham um papel fundamental na instala\u00e7\u00e3o e manuten\u00e7\u00e3o de linhas de comunica\u00e7\u00e3o, bem como noutras tarefas como [&hellip;]","og_url":"https:\/\/transtelsa.com\/pt-pt\/blog\/estas-sao-as-plataformas-aereas-da-transtel\/","og_site_name":"Transtel","article_publisher":"https:\/\/www.facebook.com\/transtelsa","article_published_time":"2023-05-25T09:00:35+00:00","article_modified_time":"2024-09-26T08:59:44+00:00","og_image":[{"width":1500,"height":844,"url":"https:\/\/transtelsa.com\/wp-content\/uploads\/2023\/05\/plataforma-aerea.renting-transtel-1-1.jpg","type":"image\/jpeg"}],"author":"TranstelsaPT","twitter_card":"summary_large_image","twitter_creator":"@PISTO","twitter_misc":{"Escrito por":"TranstelsaPT","Tempo estimado de leitura":"5 minutos"},"schema":{"@context":"https:\/\/schema.org","@graph":[{"@type":"Article","@id":"https:\/\/transtelsa.com\/pt-pt\/blog\/estas-sao-as-plataformas-aereas-da-transtel\/#article","isPartOf":{"@id":"https:\/\/transtelsa.com\/pt-pt\/blog\/estas-sao-as-plataformas-aereas-da-transtel\/"},"author":{"name":"TranstelsaPT","@id":"https:\/\/transtelsa.com\/#\/schema\/person\/6c0046a8957598287c3921e1247cd567"},"headline":"Estas s\u00e3o as plataformas a\u00e9reas da TransTel","datePublished":"2023-05-25T09:00:35+00:00","dateModified":"2024-09-26T08:59:44+00:00","mainEntityOfPage":{"@id":"https:\/\/transtelsa.com\/pt-pt\/blog\/estas-sao-as-plataformas-aereas-da-transtel\/"},"wordCount":848,"commentCount":0,"publisher":{"@id":"https:\/\/transtelsa.com\/#organization"},"image":{"@id":"https:\/\/transtelsa.com\/pt-pt\/blog\/estas-sao-as-plataformas-aereas-da-transtel\/#primaryimage"},"thumbnailUrl":"https:\/\/transtelsa.com\/wp-content\/uploads\/2023\/05\/plataforma-aerea.renting-transtel-1-1.jpg","keywords":["altura de trabalho","Aluguer de Ve\u00edculos","cami\u00f5es cesto","capacidade de carga","distin\u00e7\u00e3o ambiental","Efici\u00eancia Operacional","equipamento especializado","furg\u00f5es cesto","manuten\u00e7\u00e3o de linhas de comunica\u00e7\u00e3o","manuten\u00e7\u00e3o de pontes","Plataformas A\u00e9reas","Plataformas Articuladas","Plataformas Telesc\u00f3picas","Poda","seguran\u00e7a","servi\u00e7os industriais","sinaliza\u00e7\u00e3o","transtel","Ve\u00edculos Industriais","ve\u00edculos todo-o-terreno","versatilidade"],"articleSection":["Tudo sobre aluguer de ve\u00edculos","Ve\u00edculos"],"inLanguage":"pt-PT","potentialAction":[{"@type":"CommentAction","name":"Comment","target":["https:\/\/transtelsa.com\/pt-pt\/blog\/estas-sao-as-plataformas-aereas-da-transtel\/#respond"]}]},{"@type":"WebPage","@id":"https:\/\/transtelsa.com\/pt-pt\/blog\/estas-sao-as-plataformas-aereas-da-transtel\/","url":"https:\/\/transtelsa.com\/pt-pt\/blog\/estas-sao-as-plataformas-aereas-da-transtel\/","name":"Estas s\u00e3o as plataformas a\u00e9reas da TransTel - Transtel","isPartOf":{"@id":"https:\/\/transtelsa.com\/#website"},"primaryImageOfPage":{"@id":"https:\/\/transtelsa.com\/pt-pt\/blog\/estas-sao-as-plataformas-aereas-da-transtel\/#primaryimage"},"image":{"@id":"https:\/\/transtelsa.com\/pt-pt\/blog\/estas-sao-as-plataformas-aereas-da-transtel\/#primaryimage"},"thumbnailUrl":"https:\/\/transtelsa.com\/wp-content\/uploads\/2023\/05\/plataforma-aerea.renting-transtel-1-1.jpg","datePublished":"2023-05-25T09:00:35+00:00","dateModified":"2024-09-26T08:59:44+00:00","inLanguage":"pt-PT","potentialAction":[{"@type":"ReadAction","target":["https:\/\/transtelsa.com\/pt-pt\/blog\/estas-sao-as-plataformas-aereas-da-transtel\/"]}]},{"@type":"ImageObject","inLanguage":"pt-PT","@id":"https:\/\/transtelsa.com\/pt-pt\/blog\/estas-sao-as-plataformas-aereas-da-transtel\/#primaryimage","url":"https:\/\/transtelsa.com\/wp-content\/uploads\/2023\/05\/plataforma-aerea.renting-transtel-1-1.jpg","contentUrl":"https:\/\/transtelsa.com\/wp-content\/uploads\/2023\/05\/plataforma-aerea.renting-transtel-1-1.jpg","width":1500,"height":844,"caption":"plataforma aerea.renting transtel 1 1"},{"@type":"WebSite","@id":"https:\/\/transtelsa.com\/#website","url":"https:\/\/transtelsa.com\/","name":"Transtel SA","description":"\u27a1\ufe0f Aluguel e Loca\u00e7\u00e3o de Ve\u00edculos Industriais | Transtel SA","publisher":{"@id":"https:\/\/transtelsa.com\/#organization"},"potentialAction":[{"@type":"SearchAction","target":{"@type":"EntryPoint","urlTemplate":"https:\/\/transtelsa.com\/?s={search_term_string}"},"query-input":{"@type":"PropertyValueSpecification","valueRequired":true,"valueName":"search_term_string"}}],"inLanguage":"pt-PT"},{"@type":"Organization","@id":"https:\/\/transtelsa.com\/#organization","name":"Transtel SA","url":"https:\/\/transtelsa.com\/","logo":{"@type":"ImageObject","inLanguage":"pt-PT","@id":"https:\/\/transtelsa.com\/#\/schema\/logo\/image\/","url":"https:\/\/transtelsa.com\/wp-content\/uploads\/2023\/03\/cropped-transtelfavicon.png","contentUrl":"https:\/\/transtelsa.com\/wp-content\/uploads\/2023\/03\/cropped-transtelfavicon.png","width":512,"height":512,"caption":"Transtel SA"},"image":{"@id":"https:\/\/transtelsa.com\/#\/schema\/logo\/image\/"},"sameAs":["https:\/\/www.facebook.com\/transtelsa","https:\/\/www.instagram.com\/transtelsa\/","https:\/\/www.linkedin.com\/company\/transtel-sa\/","https:\/\/www.youtube.com\/@transtelsa"]},{"@type":"Person","@id":"https:\/\/transtelsa.com\/#\/schema\/person\/6c0046a8957598287c3921e1247cd567","name":"TranstelsaPT","image":{"@type":"ImageObject","inLanguage":"pt-PT","@id":"https:\/\/transtelsa.com\/#\/schema\/person\/image\/","url":"https:\/\/secure.gravatar.com\/avatar\/e317d26bea46da66a6fe556b3fc0c9835105b999f4aa98f4493564ef375e29b5?s=96&d=mm&r=g","contentUrl":"https:\/\/secure.gravatar.com\/avatar\/e317d26bea46da66a6fe556b3fc0c9835105b999f4aa98f4493564ef375e29b5?s=96&d=mm&r=g","caption":"TranstelsaPT"},"sameAs":["https:\/\/x.com\/PISTO"],"url":"https:\/\/transtelsa.com\/pt-pt\/blog\/author\/transtelsapt\/"}]}},"_links":{"self":[{"href":"https:\/\/transtelsa.com\/pt-pt\/wp-json\/wp\/v2\/posts\/5377","targetHints":{"allow":["GET"]}}],"collection":[{"href":"https:\/\/transtelsa.com\/pt-pt\/wp-json\/wp\/v2\/posts"}],"about":[{"href":"https:\/\/transtelsa.com\/pt-pt\/wp-json\/wp\/v2\/types\/post"}],"author":[{"embeddable":true,"href":"https:\/\/transtelsa.com\/pt-pt\/wp-json\/wp\/v2\/users\/4"}],"replies":[{"embeddable":true,"href":"https:\/\/transtelsa.com\/pt-pt\/wp-json\/wp\/v2\/comments?post=5377"}],"version-history":[{"count":5,"href":"https:\/\/transtelsa.com\/pt-pt\/wp-json\/wp\/v2\/posts\/5377\/revisions"}],"predecessor-version":[{"id":5691,"href":"https:\/\/transtelsa.com\/pt-pt\/wp-json\/wp\/v2\/posts\/5377\/revisions\/5691"}],"wp:featuredmedia":[{"embeddable":true,"href":"https:\/\/transtelsa.com\/pt-pt\/wp-json\/wp\/v2\/media\/5378"}],"wp:attachment":[{"href":"https:\/\/transtelsa.com\/pt-pt\/wp-json\/wp\/v2\/media?parent=5377"}],"wp:term":[{"taxonomy":"category","embeddable":true,"href":"https:\/\/transtelsa.com\/pt-pt\/wp-json\/wp\/v2\/categories?post=5377"},{"taxonomy":"post_tag","embeddable":true,"href":"https:\/\/transtelsa.com\/pt-pt\/wp-json\/wp\/v2\/tags?post=5377"}],"curies":[{"name":"wp","href":"https:\/\/api.w.org\/{rel}","templated":true}]}}