{"id":5273,"date":"2023-07-21T06:39:45","date_gmt":"2023-07-21T06:39:45","guid":{"rendered":"https:\/\/transtelsa.com\/?p=5273"},"modified":"2024-09-26T08:28:30","modified_gmt":"2024-09-26T08:28:30","slug":"plataformas-aereas-as-suas-utilizacoes-e-funcoes-que-deve-conhecer","status":"publish","type":"post","link":"https:\/\/transtelsa.com\/pt-pt\/blog\/plataformas-aereas-as-suas-utilizacoes-e-funcoes-que-deve-conhecer\/","title":{"rendered":"Plataformas a\u00e9reas: as suas utiliza\u00e7\u00f5es e fun\u00e7\u00f5es que deve conhecer"},"content":{"rendered":"<p><span style=\"font-weight: 400;\">As plataformas a\u00e9reas s\u00e3o ferramentas indispens\u00e1veis nos sectores da constru\u00e7\u00e3o, manuten\u00e7\u00e3o e servi\u00e7os, permitindo o acesso seguro a alturas elevadas. Estas m\u00e1quinas vers\u00e1teis oferecem uma vasta gama de utiliza\u00e7\u00f5es e fun\u00e7\u00f5es que facilitam o trabalho em v\u00e1rios sectores.<\/span><\/p>\n<p>&nbsp;<\/p>\n<p><span style=\"font-weight: 400;\">Na TransTel, temos ve\u00edculos industriais com plataformas a\u00e9reas dispon\u00edveis para aluguer de longa dura\u00e7\u00e3o e leasing flex\u00edvel. Por isso, vamos explorar em pormenor as plataformas a\u00e9reas, os seus diferentes tipos e as aplica\u00e7\u00f5es mais comuns em que s\u00e3o utilizadas. Continue a ler para saber mais!<\/span><\/p>\n<p>&nbsp;<\/p>\n<h2><b>Utiliza\u00e7\u00f5es e fun\u00e7\u00f5es que deve saber sobre as plataformas a\u00e9reas O que s\u00e3o plataformas a\u00e9reas industriais?<\/b><\/h2>\n<p><span style=\"font-weight: 400;\">Os ve\u00edculos de plataformas a\u00e9reas industriais, tamb\u00e9m conhecidos como elevadores a\u00e9reos ou cami\u00f5es cestos, s\u00e3o ve\u00edculos concebidos para elevar os trabalhadores e o seu equipamento a alturas significativas de forma segura e eficiente.<\/span><\/p>\n<p>&nbsp;<\/p>\n<p><span style=\"font-weight: 400;\">Estas plataformas est\u00e3o equipadas com uma estrutura robusta e um mecanismo de eleva\u00e7\u00e3o controlado, o que as torna uma alternativa segura e pr\u00e1tica \u00e0s escadas e andaimes tradicionais.<\/span><\/p>\n<p>&nbsp;<\/p>\n<p><span style=\"font-weight: 400;\">S\u00e3o utilizadas principalmente para a instala\u00e7\u00e3o e manuten\u00e7\u00e3o de linhas de comunica\u00e7\u00e3o e para outras tarefas como a poda, a sinaliza\u00e7\u00e3o, a manuten\u00e7\u00e3o de pontes e a ilumina\u00e7\u00e3o.<\/span><\/p>\n<p>&nbsp;<\/p>\n<h2><b>Tipos de ve\u00edculos industriais com plataformas a\u00e9reas<\/b><\/h2>\n<p><span style=\"font-weight: 400;\">Existem v\u00e1rios tipos de plataformas a\u00e9reas, cada uma concebida para satisfazer necessidades espec\u00edficas. Na TransTel, temos as seguintes dispon\u00edveis para aluguer de longa dura\u00e7\u00e3o e leasing flex\u00edvel:<\/span><\/p>\n<p>&nbsp;<\/p>\n<h2><b>Cesto de recolha<\/b><\/h2>\n<p>&nbsp;<\/p>\n<p>&nbsp;<\/p>\n<p><img loading=\"lazy\" decoding=\"async\" class=\"alignnone wp-image-5278 size-full\" src=\"https:\/\/transtelsa.com\/wp-content\/uploads\/2023\/07\/plataforma-aerea-pick-up-cesta-lateral-900x550-1.jpg\" alt=\"\" width=\"900\" height=\"550\" srcset=\"https:\/\/transtelsa.com\/wp-content\/uploads\/2023\/07\/plataforma-aerea-pick-up-cesta-lateral-900x550-1.jpg 900w, https:\/\/transtelsa.com\/wp-content\/uploads\/2023\/07\/plataforma-aerea-pick-up-cesta-lateral-900x550-1-300x183.jpg 300w, https:\/\/transtelsa.com\/wp-content\/uploads\/2023\/07\/plataforma-aerea-pick-up-cesta-lateral-900x550-1-768x469.jpg 768w\" sizes=\"auto, (max-width: 900px) 100vw, 900px\" \/><\/p>\n<p>&nbsp;<\/p>\n<p>&nbsp;<\/p>\n<p><span style=\"font-weight: 400;\">Este tipo de ve\u00edculo de plataforma a\u00e9rea \u00e9 muito vers\u00e1til e robusto. Est\u00e1 equipado com suportes para postes e escadas e disp\u00f5e de um cesto de eleva\u00e7\u00e3o de at\u00e9 15 metros. Al\u00e9m disso, o cesto tem capacidade para suportar at\u00e9 200 quilogramas.<\/span><\/p>\n<p>&nbsp;<\/p>\n<p><span style=\"font-weight: 400;\">A sua utiliza\u00e7\u00e3o mais comum \u00e9 a instala\u00e7\u00e3o e manuten\u00e7\u00e3o de linhas el\u00e9tricas, redes de comunica\u00e7\u00e3o e ilumina\u00e7\u00e3o; manuten\u00e7\u00e3o de estradas e obras p\u00fablicas; poda e manuten\u00e7\u00e3o e coloca\u00e7\u00e3o de sinaliza\u00e7\u00e3o.<\/span><\/p>\n<p>&nbsp;<\/p>\n<p><b>Carrinha-cesto<\/b><\/p>\n<p>&nbsp;<\/p>\n<p><img loading=\"lazy\" decoding=\"async\" class=\"alignnone wp-image-5282 size-full\" src=\"https:\/\/transtelsa.com\/wp-content\/uploads\/2023\/07\/plataforma-aerea-furgon-cesta-lateral-abierto-900x550-1.jpg\" alt=\"\" width=\"900\" height=\"550\" srcset=\"https:\/\/transtelsa.com\/wp-content\/uploads\/2023\/07\/plataforma-aerea-furgon-cesta-lateral-abierto-900x550-1.jpg 900w, https:\/\/transtelsa.com\/wp-content\/uploads\/2023\/07\/plataforma-aerea-furgon-cesta-lateral-abierto-900x550-1-300x183.jpg 300w, https:\/\/transtelsa.com\/wp-content\/uploads\/2023\/07\/plataforma-aerea-furgon-cesta-lateral-abierto-900x550-1-768x469.jpg 768w\" sizes=\"auto, (max-width: 900px) 100vw, 900px\" \/><\/p>\n<p>&nbsp;<\/p>\n<p><span class=\"fontstyle0\">Este ve\u00edculo industrial com plataforma a\u00e9rea tem uma grande capacidade de armazenamento, para al\u00e9m do cesto de eleva\u00e7\u00e3o que atinge at\u00e9 15 metros e suporta at\u00e9 150 quilos (contando com os dois operadores e o material).<\/span><\/p>\n<p>&nbsp;<\/p>\n<p><span class=\"fontstyle0\">As suas utiliza\u00e7\u00f5es s\u00e3o semelhantes \u00e0s do cesto de recolha, embora a sua grande capacidade de armazenamento o torne muito \u00fatil se for necess\u00e1rio transportar material.<\/span><\/p>\n<p>&nbsp;<\/p>\n<p><span class=\"fontstyle0\">Cami\u00e3o-cesto<\/span><\/p>\n<p>&nbsp;<\/p>\n<p><img loading=\"lazy\" decoding=\"async\" class=\"alignnone wp-image-5285 size-full\" src=\"https:\/\/transtelsa.com\/wp-content\/uploads\/2023\/07\/plataforma-aerea-camion-cesta-chasis-cesta-900x550-1.jpg\" alt=\"\" width=\"900\" height=\"550\" srcset=\"https:\/\/transtelsa.com\/wp-content\/uploads\/2023\/07\/plataforma-aerea-camion-cesta-chasis-cesta-900x550-1.jpg 900w, https:\/\/transtelsa.com\/wp-content\/uploads\/2023\/07\/plataforma-aerea-camion-cesta-chasis-cesta-900x550-1-300x183.jpg 300w, https:\/\/transtelsa.com\/wp-content\/uploads\/2023\/07\/plataforma-aerea-camion-cesta-chasis-cesta-900x550-1-768x469.jpg 768w\" sizes=\"auto, (max-width: 900px) 100vw, 900px\" \/><\/p>\n<p>&nbsp;<\/p>\n<p><span style=\"font-weight: 400;\">O cami\u00e3o cesteiro com plataforma elevat\u00f3ria distingue-se dos outros ve\u00edculos deste tipo devido \u00e0 altura do cesto, que \u00e9 de 20 metros. Al\u00e9m disso, o cesto tem capacidade para suportar at\u00e9 200 quilogramas.<\/span><\/p>\n<p>&nbsp;<\/p>\n<p><span style=\"font-weight: 400;\">Este tipo de ve\u00edculo industrial \u00e9 um dos mais utilizados no sector da constru\u00e7\u00e3o, pois tem uma grande versatilidade: capacidade de carga e movimento (com eleva\u00e7\u00e3o vertical e horizontal).<\/span><\/p>\n<p>&nbsp;<\/p>\n<p><span style=\"font-weight: 400;\">Se quiser saber mais sobre os nossos ve\u00edculos industriais com plataformas a\u00e9reas, j\u00e1 fal\u00e1mos sobre isso no nosso blogue.<\/span><\/p>\n<p>&nbsp;<\/p>\n<p><span style=\"font-weight: 400;\">Utiliza\u00e7\u00f5es e aplica\u00e7\u00f5es mais comuns dos ve\u00edculos industriais com plataformas elevat\u00f3rias As plataformas a\u00e9reas s\u00e3o utilizadas numa grande variedade de sectores e tarefas. <\/span><b>Algumas das utiliza\u00e7\u00f5es mais comuns incluem:<\/b><b><br \/>\n<\/b><\/p>\n<ul>\n<li style=\"font-weight: 400;\" aria-level=\"1\"><span style=\"font-weight: 400;\">Constru\u00e7\u00e3o e manuten\u00e7\u00e3o de edif\u00edcios: as plataformas a\u00e9reas facilitam o acesso a fachadas, janelas, telhados e outros elementos de constru\u00e7\u00e3o que requerem manuten\u00e7\u00e3o ou repara\u00e7\u00e3o.<\/span><\/li>\n<\/ul>\n<p>&nbsp;<\/p>\n<ul>\n<li style=\"font-weight: 400;\" aria-level=\"1\"><span style=\"font-weight: 400;\">Servi\u00e7os p\u00fablicos: as empresas de servi\u00e7os p\u00fablicos utilizam plataformas a\u00e9reas para a manuten\u00e7\u00e3o de linhas el\u00e9tricas, a repara\u00e7\u00e3o de postes e a poda de \u00e1rvores junto aos fios.<\/span><\/li>\n<\/ul>\n<p>&nbsp;<\/p>\n<ul>\n<li style=\"font-weight: 400;\" aria-level=\"1\"><span style=\"font-weight: 400;\">Eventos e espect\u00e1culos: as plataformas a\u00e9reas s\u00e3o utilizadas para instalar luzes, ecr\u00e3s e equipamento de som em concertos, festivais e outros eventos.<\/span><\/li>\n<\/ul>\n<p>&nbsp;<\/p>\n<h2><b>Vantagens dos ve\u00edculos industriais com plataformas a\u00e9reas<\/b><\/h2>\n<p><span style=\"font-weight: 400;\">A utiliza\u00e7\u00e3o de ve\u00edculos industriais com plataformas a\u00e9reas oferece uma s\u00e9rie de vantagens significativas, nomeadamente:<\/span><\/p>\n<p>&nbsp;<\/p>\n<ul>\n<li style=\"font-weight: 400;\" aria-level=\"1\"><span style=\"font-weight: 400;\">Maior seguran\u00e7a: ao fornecer uma plataforma est\u00e1vel e segura para trabalhos em altura, as plataformas a\u00e9reas reduzem o risco de quedas e les\u00f5es.<\/span><\/li>\n<\/ul>\n<p>&nbsp;<\/p>\n<ul>\n<li style=\"font-weight: 400;\" aria-level=\"1\"><span style=\"font-weight: 400;\">Efici\u00eancia no trabalho: as plataformas a\u00e9reas permitem um acesso r\u00e1pido a \u00e1reas elevadas, melhorando a produtividade e reduzindo o tempo de conclus\u00e3o do projeto.<\/span><\/li>\n<\/ul>\n<p>&nbsp;<\/p>\n<ul>\n<li style=\"font-weight: 400;\" aria-level=\"1\"><span style=\"font-weight: 400;\">Acesso a locais dif\u00edceis: as plataformas a\u00e9reas s\u00e3o ideais para aceder a \u00e1reas estreitas, apertadas ou de dif\u00edcil acesso, onde as escadas e andaimes convencionais s\u00e3o impratic\u00e1veis.<\/span><\/li>\n<\/ul>\n<p>&nbsp;<\/p>\n<p><span style=\"font-weight: 400;\">Os ve\u00edculos industriais com plataformas a\u00e9reas s\u00e3o ferramentas indispens\u00e1veis em muitas ind\u00fastrias, proporcionando um acesso seguro e eficiente a alturas elevadas.<\/span><\/p>\n<p>&nbsp;<\/p>\n<p><span style=\"font-weight: 400;\">Se procura melhorar a efici\u00eancia e a seguran\u00e7a no seu trabalho em altura, considere a utiliza\u00e7\u00e3o de plataformas a\u00e9reas, que pode alugar a longo prazo ou numa base de aluguer flex\u00edvel na TransTel!<\/span><\/p>\n<p>&nbsp;<\/p>\n<p><span style=\"font-weight: 400;\">Na TransTel, temos uma grande variedade de ve\u00edculos industriais em stock que podemos entregar imediatamente para que possa cobrir as necessidades urgentes da sua empresa.<\/span><\/p>\n<p>&nbsp;<\/p>\n<p><span style=\"font-weight: 400;\">Dispomos de uma equipa de motoristas que entregar\u00e1 o <\/span><b>ve\u00edculo chave na m\u00e3o onde desejar, em Espanha, incluindo as Ilhas Can\u00e1rias e Baleares, e em Portugal.<\/b><\/p>\n<p><span style=\"font-weight: 400;\">Na <\/span><b>TransTel SA, <\/b><span style=\"font-weight: 400;\">somos uma refer\u00eancia no aluguer e leasing de ve\u00edculos industriais h\u00e1 <\/span><b>mais de 50 anos<\/b><span style=\"font-weight: 400;\">. Conseguimos liderar o sector gra\u00e7as \u00e0 qualidade, ao envolvimento total de toda a equipa e \u00e0 melhoria cont\u00ednua. Se estiver interessado em obter mais informa\u00e7\u00f5es ou solicitar os nossos servi\u00e7os, contacte-nos.<\/span><\/p>\n","protected":false},"excerpt":{"rendered":"<p>As plataformas a\u00e9reas s\u00e3o ferramentas indispens\u00e1veis nos sectores da constru\u00e7\u00e3o, manuten\u00e7\u00e3o e servi\u00e7os, permitindo o acesso seguro a alturas elevadas. Estas m\u00e1quinas vers\u00e1teis oferecem uma vasta gama de utiliza\u00e7\u00f5es e fun\u00e7\u00f5es que facilitam o trabalho em v\u00e1rios sectores. &nbsp; Na TransTel, temos ve\u00edculos industriais com plataformas a\u00e9reas dispon\u00edveis para aluguer de longa dura\u00e7\u00e3o e leasing [&hellip;]<\/p>\n","protected":false},"author":4,"featured_media":5274,"comment_status":"open","ping_status":"open","sticky":false,"template":"","format":"standard","meta":{"_acf_changed":false,"footnotes":""},"categories":[590],"tags":[854,848,725,710,849,834,851,853,811,855,850,856,766,852,620],"class_list":["post-5273","post","type-post","status-publish","format-standard","has-post-thumbnail","hentry","category-veiculos","tag-acesso-a-locais-dificeis","tag-agregacao-de-veiculos-industriais","tag-aluguer-a-longo-prazo","tag-aluguer-flexivel","tag-camiao-cesteiro","tag-construcao-e-manutencao","tag-eficiencia-em-altura","tag-eventos-e-espectaculos","tag-leasing-de-veiculos-industriais","tag-manutencao-de-frotas","tag-plataformas-elevatorias","tag-produtividade-no-trabalho","tag-seguranca-no-trabalho","tag-servicos-publicos","tag-transtel-pt-pt"],"acf":[],"yoast_head":"<!-- This site is optimized with the Yoast SEO plugin v26.9 - https:\/\/yoast.com\/product\/yoast-seo-wordpress\/ -->\n<title>Plataformas a\u00e9reas: as suas utiliza\u00e7\u00f5es e fun\u00e7\u00f5es que deve conhecer - Transtel<\/title>\n<meta name=\"robots\" content=\"index, follow, max-snippet:-1, max-image-preview:large, max-video-preview:-1\" \/>\n<link rel=\"canonical\" href=\"https:\/\/transtelsa.com\/pt-pt\/blog\/plataformas-aereas-as-suas-utilizacoes-e-funcoes-que-deve-conhecer\/\" \/>\n<meta property=\"og:locale\" content=\"pt_PT\" \/>\n<meta property=\"og:type\" content=\"article\" \/>\n<meta property=\"og:title\" content=\"Plataformas a\u00e9reas: as suas utiliza\u00e7\u00f5es e fun\u00e7\u00f5es que deve conhecer - Transtel\" \/>\n<meta property=\"og:description\" content=\"As plataformas a\u00e9reas s\u00e3o ferramentas indispens\u00e1veis nos sectores da constru\u00e7\u00e3o, manuten\u00e7\u00e3o e servi\u00e7os, permitindo o acesso seguro a alturas elevadas. Estas m\u00e1quinas vers\u00e1teis oferecem uma vasta gama de utiliza\u00e7\u00f5es e fun\u00e7\u00f5es que facilitam o trabalho em v\u00e1rios sectores. &nbsp; Na TransTel, temos ve\u00edculos industriais com plataformas a\u00e9reas dispon\u00edveis para aluguer de longa dura\u00e7\u00e3o e leasing [&hellip;]\" \/>\n<meta property=\"og:url\" content=\"https:\/\/transtelsa.com\/pt-pt\/blog\/plataformas-aereas-as-suas-utilizacoes-e-funcoes-que-deve-conhecer\/\" \/>\n<meta property=\"og:site_name\" content=\"Transtel\" \/>\n<meta property=\"article:publisher\" content=\"https:\/\/www.facebook.com\/transtelsa\" \/>\n<meta property=\"article:published_time\" content=\"2023-07-21T06:39:45+00:00\" \/>\n<meta property=\"article:modified_time\" content=\"2024-09-26T08:28:30+00:00\" \/>\n<meta property=\"og:image\" content=\"https:\/\/transtelsa.com\/wp-content\/uploads\/2023\/07\/usos-funciones-vehiculos-con-plataformas-aereas-1.jpg\" \/>\n\t<meta property=\"og:image:width\" content=\"1499\" \/>\n\t<meta property=\"og:image:height\" content=\"1000\" \/>\n\t<meta property=\"og:image:type\" content=\"image\/jpeg\" \/>\n<meta name=\"author\" content=\"TranstelsaPT\" \/>\n<meta name=\"twitter:card\" content=\"summary_large_image\" \/>\n<meta name=\"twitter:creator\" content=\"@PISTO\" \/>\n<meta name=\"twitter:label1\" content=\"Escrito por\" \/>\n\t<meta name=\"twitter:data1\" content=\"TranstelsaPT\" \/>\n\t<meta name=\"twitter:label2\" content=\"Tempo estimado de leitura\" \/>\n\t<meta name=\"twitter:data2\" content=\"6 minutos\" \/>\n<script type=\"application\/ld+json\" class=\"yoast-schema-graph\">{\"@context\":\"https:\/\/schema.org\",\"@graph\":[{\"@type\":\"Article\",\"@id\":\"https:\/\/transtelsa.com\/pt-pt\/blog\/plataformas-aereas-as-suas-utilizacoes-e-funcoes-que-deve-conhecer\/#article\",\"isPartOf\":{\"@id\":\"https:\/\/transtelsa.com\/pt-pt\/blog\/plataformas-aereas-as-suas-utilizacoes-e-funcoes-que-deve-conhecer\/\"},\"author\":{\"name\":\"TranstelsaPT\",\"@id\":\"https:\/\/transtelsa.com\/#\/schema\/person\/6c0046a8957598287c3921e1247cd567\"},\"headline\":\"Plataformas a\u00e9reas: as suas utiliza\u00e7\u00f5es e fun\u00e7\u00f5es que deve conhecer\",\"datePublished\":\"2023-07-21T06:39:45+00:00\",\"dateModified\":\"2024-09-26T08:28:30+00:00\",\"mainEntityOfPage\":{\"@id\":\"https:\/\/transtelsa.com\/pt-pt\/blog\/plataformas-aereas-as-suas-utilizacoes-e-funcoes-que-deve-conhecer\/\"},\"wordCount\":977,\"commentCount\":0,\"publisher\":{\"@id\":\"https:\/\/transtelsa.com\/#organization\"},\"image\":{\"@id\":\"https:\/\/transtelsa.com\/pt-pt\/blog\/plataformas-aereas-as-suas-utilizacoes-e-funcoes-que-deve-conhecer\/#primaryimage\"},\"thumbnailUrl\":\"https:\/\/transtelsa.com\/wp-content\/uploads\/2023\/07\/usos-funciones-vehiculos-con-plataformas-aereas-1.jpg\",\"keywords\":[\"acesso a locais dif\u00edceis\",\"agrega\u00e7\u00e3o de ve\u00edculos industriais\",\"aluguer a longo prazo\",\"aluguer flex\u00edvel\",\"cami\u00e3o cesteiro\",\"constru\u00e7\u00e3o e manuten\u00e7\u00e3o\",\"efici\u00eancia em altura\",\"eventos e espect\u00e1culos\",\"leasing de ve\u00edculos industriais\",\"manuten\u00e7\u00e3o de frotas\",\"plataformas elevat\u00f3rias\",\"produtividade no trabalho\",\"Seguran\u00e7a no Trabalho\",\"servi\u00e7os p\u00fablicos\",\"transtel\"],\"articleSection\":[\"Ve\u00edculos\"],\"inLanguage\":\"pt-PT\",\"potentialAction\":[{\"@type\":\"CommentAction\",\"name\":\"Comment\",\"target\":[\"https:\/\/transtelsa.com\/pt-pt\/blog\/plataformas-aereas-as-suas-utilizacoes-e-funcoes-que-deve-conhecer\/#respond\"]}]},{\"@type\":\"WebPage\",\"@id\":\"https:\/\/transtelsa.com\/pt-pt\/blog\/plataformas-aereas-as-suas-utilizacoes-e-funcoes-que-deve-conhecer\/\",\"url\":\"https:\/\/transtelsa.com\/pt-pt\/blog\/plataformas-aereas-as-suas-utilizacoes-e-funcoes-que-deve-conhecer\/\",\"name\":\"Plataformas a\u00e9reas: as suas utiliza\u00e7\u00f5es e fun\u00e7\u00f5es que deve conhecer - Transtel\",\"isPartOf\":{\"@id\":\"https:\/\/transtelsa.com\/#website\"},\"primaryImageOfPage\":{\"@id\":\"https:\/\/transtelsa.com\/pt-pt\/blog\/plataformas-aereas-as-suas-utilizacoes-e-funcoes-que-deve-conhecer\/#primaryimage\"},\"image\":{\"@id\":\"https:\/\/transtelsa.com\/pt-pt\/blog\/plataformas-aereas-as-suas-utilizacoes-e-funcoes-que-deve-conhecer\/#primaryimage\"},\"thumbnailUrl\":\"https:\/\/transtelsa.com\/wp-content\/uploads\/2023\/07\/usos-funciones-vehiculos-con-plataformas-aereas-1.jpg\",\"datePublished\":\"2023-07-21T06:39:45+00:00\",\"dateModified\":\"2024-09-26T08:28:30+00:00\",\"inLanguage\":\"pt-PT\",\"potentialAction\":[{\"@type\":\"ReadAction\",\"target\":[\"https:\/\/transtelsa.com\/pt-pt\/blog\/plataformas-aereas-as-suas-utilizacoes-e-funcoes-que-deve-conhecer\/\"]}]},{\"@type\":\"ImageObject\",\"inLanguage\":\"pt-PT\",\"@id\":\"https:\/\/transtelsa.com\/pt-pt\/blog\/plataformas-aereas-as-suas-utilizacoes-e-funcoes-que-deve-conhecer\/#primaryimage\",\"url\":\"https:\/\/transtelsa.com\/wp-content\/uploads\/2023\/07\/usos-funciones-vehiculos-con-plataformas-aereas-1.jpg\",\"contentUrl\":\"https:\/\/transtelsa.com\/wp-content\/uploads\/2023\/07\/usos-funciones-vehiculos-con-plataformas-aereas-1.jpg\",\"width\":1499,\"height\":1000,\"caption\":\"usos funciones vehiculos con plataformas aereas 1\"},{\"@type\":\"WebSite\",\"@id\":\"https:\/\/transtelsa.com\/#website\",\"url\":\"https:\/\/transtelsa.com\/\",\"name\":\"Transtel SA\",\"description\":\"\u27a1\ufe0f Aluguel e Loca\u00e7\u00e3o de Ve\u00edculos Industriais | Transtel SA\",\"publisher\":{\"@id\":\"https:\/\/transtelsa.com\/#organization\"},\"potentialAction\":[{\"@type\":\"SearchAction\",\"target\":{\"@type\":\"EntryPoint\",\"urlTemplate\":\"https:\/\/transtelsa.com\/?s={search_term_string}\"},\"query-input\":{\"@type\":\"PropertyValueSpecification\",\"valueRequired\":true,\"valueName\":\"search_term_string\"}}],\"inLanguage\":\"pt-PT\"},{\"@type\":\"Organization\",\"@id\":\"https:\/\/transtelsa.com\/#organization\",\"name\":\"Transtel SA\",\"url\":\"https:\/\/transtelsa.com\/\",\"logo\":{\"@type\":\"ImageObject\",\"inLanguage\":\"pt-PT\",\"@id\":\"https:\/\/transtelsa.com\/#\/schema\/logo\/image\/\",\"url\":\"https:\/\/transtelsa.com\/wp-content\/uploads\/2023\/03\/cropped-transtelfavicon.png\",\"contentUrl\":\"https:\/\/transtelsa.com\/wp-content\/uploads\/2023\/03\/cropped-transtelfavicon.png\",\"width\":512,\"height\":512,\"caption\":\"Transtel SA\"},\"image\":{\"@id\":\"https:\/\/transtelsa.com\/#\/schema\/logo\/image\/\"},\"sameAs\":[\"https:\/\/www.facebook.com\/transtelsa\",\"https:\/\/www.instagram.com\/transtelsa\/\",\"https:\/\/www.linkedin.com\/company\/transtel-sa\/\",\"https:\/\/www.youtube.com\/@transtelsa\"]},{\"@type\":\"Person\",\"@id\":\"https:\/\/transtelsa.com\/#\/schema\/person\/6c0046a8957598287c3921e1247cd567\",\"name\":\"TranstelsaPT\",\"image\":{\"@type\":\"ImageObject\",\"inLanguage\":\"pt-PT\",\"@id\":\"https:\/\/transtelsa.com\/#\/schema\/person\/image\/\",\"url\":\"https:\/\/secure.gravatar.com\/avatar\/e317d26bea46da66a6fe556b3fc0c9835105b999f4aa98f4493564ef375e29b5?s=96&d=mm&r=g\",\"contentUrl\":\"https:\/\/secure.gravatar.com\/avatar\/e317d26bea46da66a6fe556b3fc0c9835105b999f4aa98f4493564ef375e29b5?s=96&d=mm&r=g\",\"caption\":\"TranstelsaPT\"},\"sameAs\":[\"https:\/\/x.com\/PISTO\"],\"url\":\"https:\/\/transtelsa.com\/pt-pt\/blog\/author\/transtelsapt\/\"}]}<\/script>\n<!-- \/ Yoast SEO plugin. -->","yoast_head_json":{"title":"Plataformas a\u00e9reas: as suas utiliza\u00e7\u00f5es e fun\u00e7\u00f5es que deve conhecer - Transtel","robots":{"index":"index","follow":"follow","max-snippet":"max-snippet:-1","max-image-preview":"max-image-preview:large","max-video-preview":"max-video-preview:-1"},"canonical":"https:\/\/transtelsa.com\/pt-pt\/blog\/plataformas-aereas-as-suas-utilizacoes-e-funcoes-que-deve-conhecer\/","og_locale":"pt_PT","og_type":"article","og_title":"Plataformas a\u00e9reas: as suas utiliza\u00e7\u00f5es e fun\u00e7\u00f5es que deve conhecer - Transtel","og_description":"As plataformas a\u00e9reas s\u00e3o ferramentas indispens\u00e1veis nos sectores da constru\u00e7\u00e3o, manuten\u00e7\u00e3o e servi\u00e7os, permitindo o acesso seguro a alturas elevadas. Estas m\u00e1quinas vers\u00e1teis oferecem uma vasta gama de utiliza\u00e7\u00f5es e fun\u00e7\u00f5es que facilitam o trabalho em v\u00e1rios sectores. &nbsp; Na TransTel, temos ve\u00edculos industriais com plataformas a\u00e9reas dispon\u00edveis para aluguer de longa dura\u00e7\u00e3o e leasing [&hellip;]","og_url":"https:\/\/transtelsa.com\/pt-pt\/blog\/plataformas-aereas-as-suas-utilizacoes-e-funcoes-que-deve-conhecer\/","og_site_name":"Transtel","article_publisher":"https:\/\/www.facebook.com\/transtelsa","article_published_time":"2023-07-21T06:39:45+00:00","article_modified_time":"2024-09-26T08:28:30+00:00","og_image":[{"width":1499,"height":1000,"url":"https:\/\/transtelsa.com\/wp-content\/uploads\/2023\/07\/usos-funciones-vehiculos-con-plataformas-aereas-1.jpg","type":"image\/jpeg"}],"author":"TranstelsaPT","twitter_card":"summary_large_image","twitter_creator":"@PISTO","twitter_misc":{"Escrito por":"TranstelsaPT","Tempo estimado de leitura":"6 minutos"},"schema":{"@context":"https:\/\/schema.org","@graph":[{"@type":"Article","@id":"https:\/\/transtelsa.com\/pt-pt\/blog\/plataformas-aereas-as-suas-utilizacoes-e-funcoes-que-deve-conhecer\/#article","isPartOf":{"@id":"https:\/\/transtelsa.com\/pt-pt\/blog\/plataformas-aereas-as-suas-utilizacoes-e-funcoes-que-deve-conhecer\/"},"author":{"name":"TranstelsaPT","@id":"https:\/\/transtelsa.com\/#\/schema\/person\/6c0046a8957598287c3921e1247cd567"},"headline":"Plataformas a\u00e9reas: as suas utiliza\u00e7\u00f5es e fun\u00e7\u00f5es que deve conhecer","datePublished":"2023-07-21T06:39:45+00:00","dateModified":"2024-09-26T08:28:30+00:00","mainEntityOfPage":{"@id":"https:\/\/transtelsa.com\/pt-pt\/blog\/plataformas-aereas-as-suas-utilizacoes-e-funcoes-que-deve-conhecer\/"},"wordCount":977,"commentCount":0,"publisher":{"@id":"https:\/\/transtelsa.com\/#organization"},"image":{"@id":"https:\/\/transtelsa.com\/pt-pt\/blog\/plataformas-aereas-as-suas-utilizacoes-e-funcoes-que-deve-conhecer\/#primaryimage"},"thumbnailUrl":"https:\/\/transtelsa.com\/wp-content\/uploads\/2023\/07\/usos-funciones-vehiculos-con-plataformas-aereas-1.jpg","keywords":["acesso a locais dif\u00edceis","agrega\u00e7\u00e3o de ve\u00edculos industriais","aluguer a longo prazo","aluguer flex\u00edvel","cami\u00e3o cesteiro","constru\u00e7\u00e3o e manuten\u00e7\u00e3o","efici\u00eancia em altura","eventos e espect\u00e1culos","leasing de ve\u00edculos industriais","manuten\u00e7\u00e3o de frotas","plataformas elevat\u00f3rias","produtividade no trabalho","Seguran\u00e7a no Trabalho","servi\u00e7os p\u00fablicos","transtel"],"articleSection":["Ve\u00edculos"],"inLanguage":"pt-PT","potentialAction":[{"@type":"CommentAction","name":"Comment","target":["https:\/\/transtelsa.com\/pt-pt\/blog\/plataformas-aereas-as-suas-utilizacoes-e-funcoes-que-deve-conhecer\/#respond"]}]},{"@type":"WebPage","@id":"https:\/\/transtelsa.com\/pt-pt\/blog\/plataformas-aereas-as-suas-utilizacoes-e-funcoes-que-deve-conhecer\/","url":"https:\/\/transtelsa.com\/pt-pt\/blog\/plataformas-aereas-as-suas-utilizacoes-e-funcoes-que-deve-conhecer\/","name":"Plataformas a\u00e9reas: as suas utiliza\u00e7\u00f5es e fun\u00e7\u00f5es que deve conhecer - Transtel","isPartOf":{"@id":"https:\/\/transtelsa.com\/#website"},"primaryImageOfPage":{"@id":"https:\/\/transtelsa.com\/pt-pt\/blog\/plataformas-aereas-as-suas-utilizacoes-e-funcoes-que-deve-conhecer\/#primaryimage"},"image":{"@id":"https:\/\/transtelsa.com\/pt-pt\/blog\/plataformas-aereas-as-suas-utilizacoes-e-funcoes-que-deve-conhecer\/#primaryimage"},"thumbnailUrl":"https:\/\/transtelsa.com\/wp-content\/uploads\/2023\/07\/usos-funciones-vehiculos-con-plataformas-aereas-1.jpg","datePublished":"2023-07-21T06:39:45+00:00","dateModified":"2024-09-26T08:28:30+00:00","inLanguage":"pt-PT","potentialAction":[{"@type":"ReadAction","target":["https:\/\/transtelsa.com\/pt-pt\/blog\/plataformas-aereas-as-suas-utilizacoes-e-funcoes-que-deve-conhecer\/"]}]},{"@type":"ImageObject","inLanguage":"pt-PT","@id":"https:\/\/transtelsa.com\/pt-pt\/blog\/plataformas-aereas-as-suas-utilizacoes-e-funcoes-que-deve-conhecer\/#primaryimage","url":"https:\/\/transtelsa.com\/wp-content\/uploads\/2023\/07\/usos-funciones-vehiculos-con-plataformas-aereas-1.jpg","contentUrl":"https:\/\/transtelsa.com\/wp-content\/uploads\/2023\/07\/usos-funciones-vehiculos-con-plataformas-aereas-1.jpg","width":1499,"height":1000,"caption":"usos funciones vehiculos con plataformas aereas 1"},{"@type":"WebSite","@id":"https:\/\/transtelsa.com\/#website","url":"https:\/\/transtelsa.com\/","name":"Transtel SA","description":"\u27a1\ufe0f Aluguel e Loca\u00e7\u00e3o de Ve\u00edculos Industriais | Transtel SA","publisher":{"@id":"https:\/\/transtelsa.com\/#organization"},"potentialAction":[{"@type":"SearchAction","target":{"@type":"EntryPoint","urlTemplate":"https:\/\/transtelsa.com\/?s={search_term_string}"},"query-input":{"@type":"PropertyValueSpecification","valueRequired":true,"valueName":"search_term_string"}}],"inLanguage":"pt-PT"},{"@type":"Organization","@id":"https:\/\/transtelsa.com\/#organization","name":"Transtel SA","url":"https:\/\/transtelsa.com\/","logo":{"@type":"ImageObject","inLanguage":"pt-PT","@id":"https:\/\/transtelsa.com\/#\/schema\/logo\/image\/","url":"https:\/\/transtelsa.com\/wp-content\/uploads\/2023\/03\/cropped-transtelfavicon.png","contentUrl":"https:\/\/transtelsa.com\/wp-content\/uploads\/2023\/03\/cropped-transtelfavicon.png","width":512,"height":512,"caption":"Transtel SA"},"image":{"@id":"https:\/\/transtelsa.com\/#\/schema\/logo\/image\/"},"sameAs":["https:\/\/www.facebook.com\/transtelsa","https:\/\/www.instagram.com\/transtelsa\/","https:\/\/www.linkedin.com\/company\/transtel-sa\/","https:\/\/www.youtube.com\/@transtelsa"]},{"@type":"Person","@id":"https:\/\/transtelsa.com\/#\/schema\/person\/6c0046a8957598287c3921e1247cd567","name":"TranstelsaPT","image":{"@type":"ImageObject","inLanguage":"pt-PT","@id":"https:\/\/transtelsa.com\/#\/schema\/person\/image\/","url":"https:\/\/secure.gravatar.com\/avatar\/e317d26bea46da66a6fe556b3fc0c9835105b999f4aa98f4493564ef375e29b5?s=96&d=mm&r=g","contentUrl":"https:\/\/secure.gravatar.com\/avatar\/e317d26bea46da66a6fe556b3fc0c9835105b999f4aa98f4493564ef375e29b5?s=96&d=mm&r=g","caption":"TranstelsaPT"},"sameAs":["https:\/\/x.com\/PISTO"],"url":"https:\/\/transtelsa.com\/pt-pt\/blog\/author\/transtelsapt\/"}]}},"_links":{"self":[{"href":"https:\/\/transtelsa.com\/pt-pt\/wp-json\/wp\/v2\/posts\/5273","targetHints":{"allow":["GET"]}}],"collection":[{"href":"https:\/\/transtelsa.com\/pt-pt\/wp-json\/wp\/v2\/posts"}],"about":[{"href":"https:\/\/transtelsa.com\/pt-pt\/wp-json\/wp\/v2\/types\/post"}],"author":[{"embeddable":true,"href":"https:\/\/transtelsa.com\/pt-pt\/wp-json\/wp\/v2\/users\/4"}],"replies":[{"embeddable":true,"href":"https:\/\/transtelsa.com\/pt-pt\/wp-json\/wp\/v2\/comments?post=5273"}],"version-history":[{"count":5,"href":"https:\/\/transtelsa.com\/pt-pt\/wp-json\/wp\/v2\/posts\/5273\/revisions"}],"predecessor-version":[{"id":5671,"href":"https:\/\/transtelsa.com\/pt-pt\/wp-json\/wp\/v2\/posts\/5273\/revisions\/5671"}],"wp:featuredmedia":[{"embeddable":true,"href":"https:\/\/transtelsa.com\/pt-pt\/wp-json\/wp\/v2\/media\/5274"}],"wp:attachment":[{"href":"https:\/\/transtelsa.com\/pt-pt\/wp-json\/wp\/v2\/media?parent=5273"}],"wp:term":[{"taxonomy":"category","embeddable":true,"href":"https:\/\/transtelsa.com\/pt-pt\/wp-json\/wp\/v2\/categories?post=5273"},{"taxonomy":"post_tag","embeddable":true,"href":"https:\/\/transtelsa.com\/pt-pt\/wp-json\/wp\/v2\/tags?post=5273"}],"curies":[{"name":"wp","href":"https:\/\/api.w.org\/{rel}","templated":true}]}}