{"id":5223,"date":"2023-08-18T08:08:03","date_gmt":"2023-08-18T08:08:03","guid":{"rendered":"https:\/\/transtelsa.com\/?p=5223"},"modified":"2024-09-26T06:52:51","modified_gmt":"2024-09-26T06:52:51","slug":"diferencas-entre-leasing-flexivel-e-leasing-de-longa-duracao-pela-transtel","status":"publish","type":"post","link":"https:\/\/transtelsa.com\/pt-pt\/blog\/diferencas-entre-leasing-flexivel-e-leasing-de-longa-duracao-pela-transtel\/","title":{"rendered":"Diferen\u00e7as entre leasing flex\u00edvel e leasing de longa dura\u00e7\u00e3o pela TransTel"},"content":{"rendered":"<p><span style=\"font-weight: 400;\">Se a sua empresa precisa de ter uma frota de ve\u00edculos industriais fi\u00e1veis e adequados para as opera\u00e7\u00f5es di\u00e1rias, vai certamente precisar do nosso servi\u00e7o de aluguer de ve\u00edculos industriais.<\/span><\/p>\n<p>&nbsp;<\/p>\n<p><span style=\"font-weight: 400;\">Na TransTel, tem a possibilidade de adquirir o ve\u00edculo industrial da sua escolha para o per\u00edodo que necessita, <\/span><b>gra\u00e7as ao leasing flex\u00edvel e ao aluguer de longa dura\u00e7\u00e3o que oferecemos, mas qual \u00e9 a diferen\u00e7a entre os dois?<\/b><\/p>\n<p>&nbsp;<\/p>\n<p><span style=\"font-weight: 400;\">Neste post, vamos detalhar as diferen\u00e7as entre os nossos servi\u00e7os de aluguer de ve\u00edculos comerciais para empresas, para que possa escolher o que melhor se adapta \u00e0s suas necessidades!<\/span><span style=\"font-weight: 400;\"><br \/>\n<\/span><\/p>\n<p>&nbsp;<\/p>\n<h2><b>Quais s\u00e3o as diferen\u00e7as entre o aluguer flex\u00edvel e o aluguer de longa dura\u00e7\u00e3o de ve\u00edculos industriais?<\/b><\/h2>\n<p><span style=\"font-weight: 400;\">O aluguer flex\u00edvel e o aluguer de longa dura\u00e7\u00e3o s\u00e3o duas op\u00e7\u00f5es importantes a considerar na compra de ve\u00edculos comerciais.<\/span><\/p>\n<p>&nbsp;<\/p>\n<h2><b>O que \u00e9 o aluguer flex\u00edvel de ve\u00edculos comerciais para empresas?<\/b><\/h2>\n<p><span style=\"font-weight: 400;\">O aluguer flex\u00edvel de ve\u00edculos comerciais \u00e9 uma solu\u00e7\u00e3o altamente adapt\u00e1vel, concebida para satisfazer as exig\u00eancias em constante mudan\u00e7a das empresas.<\/span><\/p>\n<p>&nbsp;<\/p>\n<p><span style=\"font-weight: 400;\">Ao contr\u00e1rio do leasing de longa dura\u00e7\u00e3o, o leasing flex\u00edvel oferece a possibilidade de ajustar a frota de ve\u00edculos de acordo com as necessidades espec\u00edficas do momento, permitindo que as empresas aumentem a sua capacidade operacional de forma eficiente.<\/span><\/p>\n<p>&nbsp;<\/p>\n<p><span style=\"font-weight: 400;\">Esta modalidade oferece a flexibilidade de adicionar ou reduzir ve\u00edculos de acordo com a carga de trabalho, esta\u00e7\u00f5es do ano e outros factores vari\u00e1veis, resultando numa gest\u00e3o de frota mais \u00e1gil e econ\u00f3mica.<\/span><\/p>\n<p>&nbsp;<\/p>\n<p><span style=\"font-weight: 400;\">Na TransTel, oferecemos um servi\u00e7o flex\u00edvel de aluguer de ve\u00edculos comerciais para empresas com uma dura\u00e7\u00e3o m\u00ednima de 3 meses*.<\/span><\/p>\n<p>&nbsp;<\/p>\n<h2><b>E o aluguer de longa dura\u00e7\u00e3o de ve\u00edculos industriais para empresas?<\/b><\/h2>\n<p><span style=\"font-weight: 400;\">O aluguer de longa dura\u00e7\u00e3o de ve\u00edculos industriais oferece \u00e0s empresas uma solu\u00e7\u00e3o est\u00e1vel e previs\u00edvel para satisfazer as suas necessidades de transporte ao longo do tempo.<\/span><\/p>\n<p>&nbsp;<\/p>\n<p><span style=\"font-weight: 400;\">Neste modelo de aluguer, as empresas podem alugar ve\u00edculos por longos per\u00edodos de tempo, dando-lhes a seguran\u00e7a de ter uma frota fi\u00e1vel e adequada para as suas opera\u00e7\u00f5es a longo prazo.<\/span><\/p>\n<p>&nbsp;<\/p>\n<p><span style=\"font-weight: 400;\">O aluguer de ve\u00edculos comerciais a longo prazo \u00e9 uma alternativa s\u00f3lida para as empresas que procuram uma gest\u00e3o eficiente e sem complica\u00e7\u00f5es da sua frota de transportes durante longos per\u00edodos de tempo.<\/span><\/p>\n<p>&nbsp;<\/p>\n<p><span style=\"font-weight: 400;\">Na TransTel, oferecemos a possibilidade de aluguer de ve\u00edculos a longo prazo, com um m\u00e1ximo de 60 meses.<\/span><\/p>\n<p>&nbsp;<\/p>\n<h2><b>Leasing flex\u00edvel vs. aluguer de longa dura\u00e7\u00e3o na TransTel<\/b><\/h2>\n<p>&nbsp;<\/p>\n<p><img loading=\"lazy\" decoding=\"async\" class=\"alignnone wp-image-5227 size-full\" src=\"https:\/\/transtelsa.com\/wp-content\/uploads\/2023\/08\/renting-flexible-1000x546-1.png\" alt=\"\" width=\"1000\" height=\"546\" srcset=\"https:\/\/transtelsa.com\/wp-content\/uploads\/2023\/08\/renting-flexible-1000x546-1.png 1000w, https:\/\/transtelsa.com\/wp-content\/uploads\/2023\/08\/renting-flexible-1000x546-1-300x164.png 300w, https:\/\/transtelsa.com\/wp-content\/uploads\/2023\/08\/renting-flexible-1000x546-1-768x419.png 768w\" sizes=\"auto, (max-width: 1000px) 100vw, 1000px\" \/><\/p>\n<p>&nbsp;<\/p>\n<p><span style=\"font-weight: 400;\">Enquanto o leasing flex\u00edvel oferece a vantagem de se adaptar \u00e0 evolu\u00e7\u00e3o das necessidades da sua empresa, permitindo-lhe ajustar a frota de acordo com a procura, o leasing de longa dura\u00e7\u00e3o proporciona uma solu\u00e7\u00e3o est\u00e1vel e previs\u00edvel para projetos de longo prazo.<\/span><\/p>\n<p>&nbsp;<\/p>\n<p><span style=\"font-weight: 400;\">O leasing flex\u00edvel d\u00e1-lhe maior flexibilidade em termos de dura\u00e7\u00e3o e op\u00e7\u00f5es de ve\u00edculos, enquanto o leasing de longo prazo oferece maior certeza de custos ao longo do tempo.<\/span><\/p>\n<p>&nbsp;<\/p>\n<p><span style=\"font-weight: 400;\">A escolha entre estas op\u00e7\u00f5es depender\u00e1 das necessidades espec\u00edficas da sua empresa e da abordagem estrat\u00e9gica da gest\u00e3o da frota de ve\u00edculos comerciais.<\/span><\/p>\n<p>&nbsp;<\/p>\n<h2><b>Vantagens da loca\u00e7\u00e3o financeira de ve\u00edculos comerciais para as empresas<\/b><\/h2>\n<p><span style=\"font-weight: 400;\">O leasing de ve\u00edculos comerciais tem uma s\u00e9rie de vantagens significativas para as empresas que procuram otimizar as suas opera\u00e7\u00f5es e recursos.<\/span><\/p>\n<p>&nbsp;<\/p>\n<p><span style=\"font-weight: 400;\">Em primeiro lugar, proporciona uma flexibilidade excepcional, permitindo que as empresas adaptem a sua frota de ve\u00edculos de acordo com a evolu\u00e7\u00e3o das exig\u00eancias do mercado e das necessidades operacionais. Quer seja para fazer face a picos sazonais ou para ajustar a frota a projectos espec\u00edficos, o leasing oferece uma solu\u00e7\u00e3o \u00e1gil que evita investimentos a longo prazo em ativos que podem tornar-se obsoletos.<\/span><\/p>\n<p>&nbsp;<\/p>\n<p><span style=\"font-weight: 400;\">Para al\u00e9m da sua flexibilidade, o leasing de ve\u00edculos comerciais tamb\u00e9m reduz os encargos financeiros iniciais para as empresas, eliminando a necessidade de comprar ve\u00edculos. Isto liberta recursos financeiros que podem ser canalizados para outros aspectos cr\u00edticos do neg\u00f3cio.<\/span><\/p>\n<p>&nbsp;<\/p>\n<p><span style=\"font-weight: 400;\">Al\u00e9m disso, o leasing da TransTel inclui servi\u00e7os de manuten\u00e7\u00e3o e repara\u00e7\u00e3o (gest\u00e3o de frotas com geolocaliza\u00e7\u00e3o, ITV e multas), o que diminui ainda mais os encargos administrativos e financeiros em compara\u00e7\u00e3o com a propriedade direta da frota.<\/span><\/p>\n<p>&nbsp;<\/p>\n<p><span style=\"font-weight: 400;\">Em \u00faltima an\u00e1lise, o aluguer de ve\u00edculos comerciais d\u00e1 \u00e0s empresas a oportunidade de operarem de forma mais eficiente e de se concentrarem nas suas compet\u00eancias principais, deixando a gest\u00e3o e a manuten\u00e7\u00e3o da sua frota de transportes nas m\u00e3os de especialistas.<\/span><\/p>\n<p>&nbsp;<\/p>\n<h2><span style=\"font-weight: 400;\">Na TransTel, dispomos <\/span><b>de uma vasta gama de stock de ve\u00edculos comerciais que lhe podemos entregar imediatamente, unidades de pr\u00e9-entrega para alugueres de longa dura\u00e7\u00e3o e unidades de substitui\u00e7\u00e3o para avarias de longa dura\u00e7\u00e3o<\/b><span style=\"font-weight: 400;\">, para que possa<\/span><span style=\"font-weight: 400;\"><br \/>\n<\/span><\/h2>\n<p><span style=\"font-weight: 400;\">satisfazer as necessidades urgentes da sua empresa. <\/span><b>Dispomos de uma rede de oficinas externas em toda a Pen\u00ednsula Ib\u00e9rica, Ilhas Can\u00e1rias e Baleares, bem como das nossas pr\u00f3prias oficinas TransTel em Val\u00eancia, Madrid, Barcelona, Bilbau, Sevilha e Lisboa.<\/b><\/p>\n<p>&nbsp;<\/p>\n<p><span style=\"font-weight: 400;\">Dispomos de uma equipa de condutores que <\/span><b>entregar\u00e1 o ve\u00edculo chave <\/b><span style=\"font-weight: 400;\">na m\u00e3o onde desejar, em Espanha, incluindo as Ilhas Can\u00e1rias e Baleares, e em Portugal.<\/span><\/p>\n<p>&nbsp;<\/p>\n<p><span style=\"font-weight: 400;\">Na <\/span><b>TransTel SA<\/b><span style=\"font-weight: 400;\">, somos uma refer\u00eancia no <\/span><b>aluguer e leasing de ve\u00edculos industriais <\/b><span style=\"font-weight: 400;\">h\u00e1 mais de 50 anos. Conseguimos liderar o sector gra\u00e7as \u00e0 qualidade, ao envolvimento total de toda a equipa e \u00e0 melhoria cont\u00ednua. Se estiver interessado em obter mais informa\u00e7\u00f5es ou solicitar os nossos servi\u00e7os, contacte-nos.<\/span><\/p>\n<p>&nbsp;<\/p>\n<p><span style=\"font-weight: 400;\">*Post sobre o aluguer de ve\u00edculos industriais da TransTel.<\/span><\/p>\n<p>&nbsp;<\/p>\n<p><span style=\"font-weight: 400;\">**Post sobre o aluguer de longa dura\u00e7\u00e3o de ve\u00edculos industriais para empresas.<\/span><\/p>\n","protected":false},"excerpt":{"rendered":"<p>Se a sua empresa precisa de ter uma frota de ve\u00edculos industriais fi\u00e1veis e adequados para as opera\u00e7\u00f5es di\u00e1rias, vai certamente precisar do nosso servi\u00e7o de aluguer de ve\u00edculos industriais. &nbsp; Na TransTel, tem a possibilidade de adquirir o ve\u00edculo industrial da sua escolha para o per\u00edodo que necessita, gra\u00e7as ao leasing flex\u00edvel e ao [&hellip;]<\/p>\n","protected":false},"author":4,"featured_media":5224,"comment_status":"open","ping_status":"open","sticky":false,"template":"","format":"standard","meta":{"_acf_changed":false,"footnotes":""},"categories":[592],"tags":[711,710,832,699,633,639,821,831,649,628,830,632,823,620,642],"class_list":["post-5223","post","type-post","status-publish","format-standard","has-post-thumbnail","hentry","category-tudo-sobre-aluguer-de-veiculos","tag-aluguer-de-longa-duracao","tag-aluguer-flexivel","tag-empresas-de-transporte","tag-flexibilidade-empresarial","tag-frota-de-veiculos","tag-gestao-de-frota","tag-gestao-de-frotas","tag-leasing-adaptavel","tag-leasing-de-veiculos","tag-manutencao-de-veiculos","tag-renting-de-veiculos-comerciais","tag-servicos-de-aluguer","tag-solucoes-de-transporte","tag-transtel-pt-pt","tag-veiculos-industriais"],"acf":[],"yoast_head":"<!-- This site is optimized with the Yoast SEO plugin v26.9 - https:\/\/yoast.com\/product\/yoast-seo-wordpress\/ -->\n<title>Diferen\u00e7as entre leasing flex\u00edvel e leasing de longa dura\u00e7\u00e3o pela TransTel - Transtel<\/title>\n<meta name=\"robots\" content=\"index, follow, max-snippet:-1, max-image-preview:large, max-video-preview:-1\" \/>\n<link rel=\"canonical\" href=\"https:\/\/transtelsa.com\/pt-pt\/blog\/diferencas-entre-leasing-flexivel-e-leasing-de-longa-duracao-pela-transtel\/\" \/>\n<meta property=\"og:locale\" content=\"pt_PT\" \/>\n<meta property=\"og:type\" content=\"article\" \/>\n<meta property=\"og:title\" content=\"Diferen\u00e7as entre leasing flex\u00edvel e leasing de longa dura\u00e7\u00e3o pela TransTel - Transtel\" \/>\n<meta property=\"og:description\" content=\"Se a sua empresa precisa de ter uma frota de ve\u00edculos industriais fi\u00e1veis e adequados para as opera\u00e7\u00f5es di\u00e1rias, vai certamente precisar do nosso servi\u00e7o de aluguer de ve\u00edculos industriais. &nbsp; Na TransTel, tem a possibilidade de adquirir o ve\u00edculo industrial da sua escolha para o per\u00edodo que necessita, gra\u00e7as ao leasing flex\u00edvel e ao [&hellip;]\" \/>\n<meta property=\"og:url\" content=\"https:\/\/transtelsa.com\/pt-pt\/blog\/diferencas-entre-leasing-flexivel-e-leasing-de-longa-duracao-pela-transtel\/\" \/>\n<meta property=\"og:site_name\" content=\"Transtel\" \/>\n<meta property=\"article:publisher\" content=\"https:\/\/www.facebook.com\/transtelsa\" \/>\n<meta property=\"article:published_time\" content=\"2023-08-18T08:08:03+00:00\" \/>\n<meta property=\"article:modified_time\" content=\"2024-09-26T06:52:51+00:00\" \/>\n<meta property=\"og:image\" content=\"https:\/\/transtelsa.com\/wp-content\/uploads\/2023\/08\/alquiler-vehiculos-industriales-1.jpg\" \/>\n\t<meta property=\"og:image:width\" content=\"1313\" \/>\n\t<meta property=\"og:image:height\" content=\"876\" \/>\n\t<meta property=\"og:image:type\" content=\"image\/jpeg\" \/>\n<meta name=\"author\" content=\"TranstelsaPT\" \/>\n<meta name=\"twitter:card\" content=\"summary_large_image\" \/>\n<meta name=\"twitter:creator\" content=\"@PISTO\" \/>\n<meta name=\"twitter:label1\" content=\"Escrito por\" \/>\n\t<meta name=\"twitter:data1\" content=\"TranstelsaPT\" \/>\n\t<meta name=\"twitter:label2\" content=\"Tempo estimado de leitura\" \/>\n\t<meta name=\"twitter:data2\" content=\"6 minutos\" \/>\n<!-- \/ Yoast SEO plugin. -->","yoast_head_json":{"title":"Diferen\u00e7as entre leasing flex\u00edvel e leasing de longa dura\u00e7\u00e3o pela TransTel - Transtel","robots":{"index":"index","follow":"follow","max-snippet":"max-snippet:-1","max-image-preview":"max-image-preview:large","max-video-preview":"max-video-preview:-1"},"canonical":"https:\/\/transtelsa.com\/pt-pt\/blog\/diferencas-entre-leasing-flexivel-e-leasing-de-longa-duracao-pela-transtel\/","og_locale":"pt_PT","og_type":"article","og_title":"Diferen\u00e7as entre leasing flex\u00edvel e leasing de longa dura\u00e7\u00e3o pela TransTel - Transtel","og_description":"Se a sua empresa precisa de ter uma frota de ve\u00edculos industriais fi\u00e1veis e adequados para as opera\u00e7\u00f5es di\u00e1rias, vai certamente precisar do nosso servi\u00e7o de aluguer de ve\u00edculos industriais. &nbsp; Na TransTel, tem a possibilidade de adquirir o ve\u00edculo industrial da sua escolha para o per\u00edodo que necessita, gra\u00e7as ao leasing flex\u00edvel e ao [&hellip;]","og_url":"https:\/\/transtelsa.com\/pt-pt\/blog\/diferencas-entre-leasing-flexivel-e-leasing-de-longa-duracao-pela-transtel\/","og_site_name":"Transtel","article_publisher":"https:\/\/www.facebook.com\/transtelsa","article_published_time":"2023-08-18T08:08:03+00:00","article_modified_time":"2024-09-26T06:52:51+00:00","og_image":[{"width":1313,"height":876,"url":"https:\/\/transtelsa.com\/wp-content\/uploads\/2023\/08\/alquiler-vehiculos-industriales-1.jpg","type":"image\/jpeg"}],"author":"TranstelsaPT","twitter_card":"summary_large_image","twitter_creator":"@PISTO","twitter_misc":{"Escrito por":"TranstelsaPT","Tempo estimado de leitura":"6 minutos"},"schema":{"@context":"https:\/\/schema.org","@graph":[{"@type":"Article","@id":"https:\/\/transtelsa.com\/pt-pt\/blog\/diferencas-entre-leasing-flexivel-e-leasing-de-longa-duracao-pela-transtel\/#article","isPartOf":{"@id":"https:\/\/transtelsa.com\/pt-pt\/blog\/diferencas-entre-leasing-flexivel-e-leasing-de-longa-duracao-pela-transtel\/"},"author":{"name":"TranstelsaPT","@id":"https:\/\/transtelsa.com\/#\/schema\/person\/6c0046a8957598287c3921e1247cd567"},"headline":"Diferen\u00e7as entre leasing flex\u00edvel e leasing de longa dura\u00e7\u00e3o pela TransTel","datePublished":"2023-08-18T08:08:03+00:00","dateModified":"2024-09-26T06:52:51+00:00","mainEntityOfPage":{"@id":"https:\/\/transtelsa.com\/pt-pt\/blog\/diferencas-entre-leasing-flexivel-e-leasing-de-longa-duracao-pela-transtel\/"},"wordCount":1033,"commentCount":0,"publisher":{"@id":"https:\/\/transtelsa.com\/#organization"},"image":{"@id":"https:\/\/transtelsa.com\/pt-pt\/blog\/diferencas-entre-leasing-flexivel-e-leasing-de-longa-duracao-pela-transtel\/#primaryimage"},"thumbnailUrl":"https:\/\/transtelsa.com\/wp-content\/uploads\/2023\/08\/alquiler-vehiculos-industriales-1.jpg","keywords":["aluguer de longa dura\u00e7\u00e3o","aluguer flex\u00edvel","empresas de transporte","flexibilidade empresarial","Frota de Ve\u00edculos","Gest\u00e3o de Frota","gest\u00e3o de frotas","leasing adapt\u00e1vel","Leasing de Ve\u00edculos","Manuten\u00e7\u00e3o de Ve\u00edculos","renting de ve\u00edculos comerciais","Servi\u00e7os de Aluguer","solu\u00e7\u00f5es de transporte","transtel","Ve\u00edculos Industriais"],"articleSection":["Tudo sobre aluguer de ve\u00edculos"],"inLanguage":"pt-PT","potentialAction":[{"@type":"CommentAction","name":"Comment","target":["https:\/\/transtelsa.com\/pt-pt\/blog\/diferencas-entre-leasing-flexivel-e-leasing-de-longa-duracao-pela-transtel\/#respond"]}]},{"@type":"WebPage","@id":"https:\/\/transtelsa.com\/pt-pt\/blog\/diferencas-entre-leasing-flexivel-e-leasing-de-longa-duracao-pela-transtel\/","url":"https:\/\/transtelsa.com\/pt-pt\/blog\/diferencas-entre-leasing-flexivel-e-leasing-de-longa-duracao-pela-transtel\/","name":"Diferen\u00e7as entre leasing flex\u00edvel e leasing de longa dura\u00e7\u00e3o pela TransTel - Transtel","isPartOf":{"@id":"https:\/\/transtelsa.com\/#website"},"primaryImageOfPage":{"@id":"https:\/\/transtelsa.com\/pt-pt\/blog\/diferencas-entre-leasing-flexivel-e-leasing-de-longa-duracao-pela-transtel\/#primaryimage"},"image":{"@id":"https:\/\/transtelsa.com\/pt-pt\/blog\/diferencas-entre-leasing-flexivel-e-leasing-de-longa-duracao-pela-transtel\/#primaryimage"},"thumbnailUrl":"https:\/\/transtelsa.com\/wp-content\/uploads\/2023\/08\/alquiler-vehiculos-industriales-1.jpg","datePublished":"2023-08-18T08:08:03+00:00","dateModified":"2024-09-26T06:52:51+00:00","inLanguage":"pt-PT","potentialAction":[{"@type":"ReadAction","target":["https:\/\/transtelsa.com\/pt-pt\/blog\/diferencas-entre-leasing-flexivel-e-leasing-de-longa-duracao-pela-transtel\/"]}]},{"@type":"ImageObject","inLanguage":"pt-PT","@id":"https:\/\/transtelsa.com\/pt-pt\/blog\/diferencas-entre-leasing-flexivel-e-leasing-de-longa-duracao-pela-transtel\/#primaryimage","url":"https:\/\/transtelsa.com\/wp-content\/uploads\/2023\/08\/alquiler-vehiculos-industriales-1.jpg","contentUrl":"https:\/\/transtelsa.com\/wp-content\/uploads\/2023\/08\/alquiler-vehiculos-industriales-1.jpg","width":1313,"height":876,"caption":"alquiler vehiculos industriales 1"},{"@type":"WebSite","@id":"https:\/\/transtelsa.com\/#website","url":"https:\/\/transtelsa.com\/","name":"Transtel SA","description":"\u27a1\ufe0f Aluguel e Loca\u00e7\u00e3o de Ve\u00edculos Industriais | Transtel SA","publisher":{"@id":"https:\/\/transtelsa.com\/#organization"},"potentialAction":[{"@type":"SearchAction","target":{"@type":"EntryPoint","urlTemplate":"https:\/\/transtelsa.com\/?s={search_term_string}"},"query-input":{"@type":"PropertyValueSpecification","valueRequired":true,"valueName":"search_term_string"}}],"inLanguage":"pt-PT"},{"@type":"Organization","@id":"https:\/\/transtelsa.com\/#organization","name":"Transtel SA","url":"https:\/\/transtelsa.com\/","logo":{"@type":"ImageObject","inLanguage":"pt-PT","@id":"https:\/\/transtelsa.com\/#\/schema\/logo\/image\/","url":"https:\/\/transtelsa.com\/wp-content\/uploads\/2023\/03\/cropped-transtelfavicon.png","contentUrl":"https:\/\/transtelsa.com\/wp-content\/uploads\/2023\/03\/cropped-transtelfavicon.png","width":512,"height":512,"caption":"Transtel SA"},"image":{"@id":"https:\/\/transtelsa.com\/#\/schema\/logo\/image\/"},"sameAs":["https:\/\/www.facebook.com\/transtelsa","https:\/\/www.instagram.com\/transtelsa\/","https:\/\/www.linkedin.com\/company\/transtel-sa\/","https:\/\/www.youtube.com\/@transtelsa"]},{"@type":"Person","@id":"https:\/\/transtelsa.com\/#\/schema\/person\/6c0046a8957598287c3921e1247cd567","name":"TranstelsaPT","image":{"@type":"ImageObject","inLanguage":"pt-PT","@id":"https:\/\/transtelsa.com\/#\/schema\/person\/image\/","url":"https:\/\/secure.gravatar.com\/avatar\/e317d26bea46da66a6fe556b3fc0c9835105b999f4aa98f4493564ef375e29b5?s=96&d=mm&r=g","contentUrl":"https:\/\/secure.gravatar.com\/avatar\/e317d26bea46da66a6fe556b3fc0c9835105b999f4aa98f4493564ef375e29b5?s=96&d=mm&r=g","caption":"TranstelsaPT"},"sameAs":["https:\/\/x.com\/PISTO"],"url":"https:\/\/transtelsa.com\/pt-pt\/blog\/author\/transtelsapt\/"}]}},"_links":{"self":[{"href":"https:\/\/transtelsa.com\/pt-pt\/wp-json\/wp\/v2\/posts\/5223","targetHints":{"allow":["GET"]}}],"collection":[{"href":"https:\/\/transtelsa.com\/pt-pt\/wp-json\/wp\/v2\/posts"}],"about":[{"href":"https:\/\/transtelsa.com\/pt-pt\/wp-json\/wp\/v2\/types\/post"}],"author":[{"embeddable":true,"href":"https:\/\/transtelsa.com\/pt-pt\/wp-json\/wp\/v2\/users\/4"}],"replies":[{"embeddable":true,"href":"https:\/\/transtelsa.com\/pt-pt\/wp-json\/wp\/v2\/comments?post=5223"}],"version-history":[{"count":3,"href":"https:\/\/transtelsa.com\/pt-pt\/wp-json\/wp\/v2\/posts\/5223\/revisions"}],"predecessor-version":[{"id":5663,"href":"https:\/\/transtelsa.com\/pt-pt\/wp-json\/wp\/v2\/posts\/5223\/revisions\/5663"}],"wp:featuredmedia":[{"embeddable":true,"href":"https:\/\/transtelsa.com\/pt-pt\/wp-json\/wp\/v2\/media\/5224"}],"wp:attachment":[{"href":"https:\/\/transtelsa.com\/pt-pt\/wp-json\/wp\/v2\/media?parent=5223"}],"wp:term":[{"taxonomy":"category","embeddable":true,"href":"https:\/\/transtelsa.com\/pt-pt\/wp-json\/wp\/v2\/categories?post=5223"},{"taxonomy":"post_tag","embeddable":true,"href":"https:\/\/transtelsa.com\/pt-pt\/wp-json\/wp\/v2\/tags?post=5223"}],"curies":[{"name":"wp","href":"https:\/\/api.w.org\/{rel}","templated":true}]}}