{"id":5078,"date":"2024-06-05T08:31:26","date_gmt":"2024-06-05T08:31:26","guid":{"rendered":"https:\/\/transtelsa.com\/?p=5078"},"modified":"2024-09-26T04:30:03","modified_gmt":"2024-09-26T04:30:03","slug":"aluguer-de-suv-e-carrinhas-quais-sao-as-opcoes","status":"publish","type":"post","link":"https:\/\/transtelsa.com\/pt-pt\/blog\/aluguer-de-suv-e-carrinhas-quais-sao-as-opcoes\/","title":{"rendered":"Aluguer de SUV e carrinhas: quais s\u00e3o as op\u00e7\u00f5es?"},"content":{"rendered":"<p><span style=\"font-weight: 400;\">No mundo empresarial de hoje, dispor de uma frota de ve\u00edculos vers\u00e1til e fi\u00e1vel \u00e9 essencial para garantir a efici\u00eancia operacional e o sucesso numa variedade de tarefas. Desde a log\u00edstica \u00e0 entrega de mercadorias e ao trabalho em terrenos dif\u00edceis, <\/span><b>o aluguer de SUV e carrinhas <\/b><span style=\"font-weight: 400;\">oferece uma solu\u00e7\u00e3o pr\u00e1tica e econ\u00f3mica.<\/span><\/p>\n<p>&nbsp;<\/p>\n<p><span style=\"font-weight: 400;\">Na <\/span><b>TransTel<\/b><span style=\"font-weight: 400;\">, dispomos de um servi\u00e7o de aluguer de ve\u00edculos comerciais para empresas. Por isso, trazemos-lhe este post, no qual vamos explorar as diferentes op\u00e7\u00f5es dispon\u00edveis para o aluguer de todo-o-terreno e carrinhas, bem como as vantagens de optar por este servi\u00e7o em vez de comprar ve\u00edculos industriais. Continue a ler para n\u00e3o perder nada!<\/span><\/p>\n<p>&nbsp;<\/p>\n<h2><b>Aluguer de todo-o-terreno e carrinhas para empresas<\/b><\/h2>\n<p><b>O aluguer de ve\u00edculos todo-o-terreno e carrinhas para empresas <\/b><span style=\"font-weight: 400;\">\u00e9 uma solu\u00e7\u00e3o flex\u00edvel e eficiente que permite \u00e0s organiza\u00e7\u00f5es satisfazerem as suas necessidades de transporte sem os compromissos a longo prazo associados \u00e0 propriedade de ve\u00edculos. Com um fornecedor fi\u00e1vel como <\/span><b>a TransTel<\/b><span style=\"font-weight: 400;\">, as empresas podem aceder a uma vasta gama de ve\u00edculos comerciais concebidos para satisfazer uma variedade de necessidades operacionais, desde pequenas entregas locais a grandes projectos de constru\u00e7\u00e3o.<\/span><\/p>\n<p>&nbsp;<\/p>\n<h2><b>Que tipos de SUVs e carrinhas pode alugar para a sua empresa? Furg\u00e3o ligeiro ou pesado<\/b><span style=\"font-weight: 400;\"><br \/>\n<\/span><\/h2>\n<p><span style=\"font-weight: 400;\">As carrinhas s\u00e3o uma op\u00e7\u00e3o vers\u00e1til para as empresas que necessitam de transportar mercadorias de diferentes tamanhos e formas. <\/span><b>As carrinhas ligeiras <\/b><span style=\"font-weight: 400;\">s\u00e3o ideais para tarefas de entrega em zonas urbanas congestionadas, pois oferecem agilidade e facilidade de manobra. Por outro lado, <\/span><b>as carrinhas pesadas <\/b><span style=\"font-weight: 400;\">s\u00e3o perfeitas para o transporte de cargas maiores e mais pesadas, proporcionando um espa\u00e7o de carga seguro e protegido. Estes ve\u00edculos est\u00e3o equipados com avan\u00e7ados dispositivos de seguran\u00e7a e conforto, garantindo que as mercadorias chegam ao seu destino em perfeitas condi\u00e7\u00f5es.<\/span><\/p>\n<p>&nbsp;<\/p>\n<p><span style=\"font-weight: 400;\">Quer saber mais sobre este tipo de ve\u00edculo? Veja o v\u00eddeo abaixo: <\/span><\/p>\n<p>&nbsp;<\/p>\n<p><iframe loading=\"lazy\" title=\"Alquiler y Renting Todoterrenos y Furgonetas - Furg\u00f3n Ligero y Pesado\" width=\"1170\" height=\"658\" src=\"https:\/\/www.youtube.com\/embed\/3iHDqtSd2jU?feature=oembed\" frameborder=\"0\" allow=\"accelerometer; autoplay; clipboard-write; encrypted-media; gyroscope; picture-in-picture; web-share\" referrerpolicy=\"strict-origin-when-cross-origin\" allowfullscreen><\/iframe><\/p>\n<p>&nbsp;<\/p>\n<h2><b>Pick-up todo-o-terreno aberta ou fechada<\/b><\/h2>\n<p><span style=\"font-weight: 400;\">As pick-ups todo-o-terreno s\u00e3o essenciais para as empresas que operam em terrenos dif\u00edceis ou inacess\u00edveis. Dispon\u00edveis em vers\u00f5es abertas e fechadas, estes ve\u00edculos oferecem uma elevada capacidade de carga e tra\u00e7\u00e3o \u00e0s quatro rodas, tornando-os ideais para uma variedade de tarefas, desde trabalhos de constru\u00e7\u00e3o a atividades ao ar livre. <\/span><b>As pick-ups abertas <\/b><span style=\"font-weight: 400;\">s\u00e3o perfeitas para o transporte de materiais volumosos que n\u00e3o necessitam de prote\u00e7\u00e3o contra os elementos, enquanto as <\/span><b>pick-ups fechadas <\/b><span style=\"font-weight: 400;\">proporcionam um ambiente seguro e protegido para cargas mais sens\u00edveis.<\/span><\/p>\n<p>&nbsp;<\/p>\n<p><span style=\"font-weight: 400;\">Saiba mais sobre este tipo de ve\u00edculo no v\u00eddeo abaixo: <\/span><\/p>\n<p>&nbsp;<\/p>\n<p><iframe loading=\"lazy\" title=\"Alquiler y Renting Todoterrenos y Furgonetas - Pick Up Abierto o Cerrado\" width=\"1170\" height=\"658\" src=\"https:\/\/www.youtube.com\/embed\/MARjeHcadl4?feature=oembed\" frameborder=\"0\" allow=\"accelerometer; autoplay; clipboard-write; encrypted-media; gyroscope; picture-in-picture; web-share\" referrerpolicy=\"strict-origin-when-cross-origin\" allowfullscreen><\/iframe><\/p>\n<p>&nbsp;<\/p>\n<h2><b>Vantagens do aluguer de ve\u00edculos comerciais em rela\u00e7\u00e3o \u00e0 compra de ve\u00edculos comerciais<\/b><\/h2>\n<p><span style=\"font-weight: 400;\">Existem v\u00e1rias vantagens no aluguer de SUV e carrinhas em rela\u00e7\u00e3o \u00e0 compra de ve\u00edculos comerciais. Eis algumas das principais raz\u00f5es pelas quais o aluguer pode ser uma op\u00e7\u00e3o mais vantajosa para a sua empresa:<\/span><\/p>\n<p>&nbsp;<\/p>\n<p><span style=\"font-weight: 400;\">Flexibilidade operacional: o aluguer de ve\u00edculos comerciais permite que as empresas ajustem a sua frota de acordo com as necessidades comerciais em mudan\u00e7a, sem se comprometerem com a propriedade a longo prazo. Isto \u00e9 especialmente \u00fatil para projetos tempor\u00e1rios ou per\u00edodos de grande procura.<\/span><\/p>\n<p><span style=\"font-weight: 400;\">Custos reduzidos: ao alugar ve\u00edculos, as empresas podem evitar as despesas significativas associadas \u00e0 compra, manuten\u00e7\u00e3o e deprecia\u00e7\u00e3o do ve\u00edculo. Os contratos de leasing incluem frequentemente manuten\u00e7\u00e3o e repara\u00e7\u00f5es, o que ajuda a controlar os custos operacionais e a manter os ve\u00edculos em condi\u00e7\u00f5es \u00f3ptimas.<\/span><\/p>\n<p><span style=\"font-weight: 400;\">Acesso a tecnologia e modelos atualizados: Ao optar pelo leasing, as empresas podem beneficiar dos mais recentes modelos de ve\u00edculos com tecnologia avan\u00e7ada e caracter\u00edsticas de seguran\u00e7a melhoradas. Isto n\u00e3o s\u00f3 melhora a efici\u00eancia operacional, como tamb\u00e9m garante que os funcion\u00e1rios trabalham com equipamento moderno e bem conservado.<\/span><span style=\"font-weight: 400;\"><br \/>\n<\/span><\/p>\n<p><span style=\"font-weight: 400;\">Gest\u00e3o simplificada da frota: A gest\u00e3o de uma frota de ve\u00edculos pode ser complexa e exigir muitos recursos. Ao alugar ve\u00edculos comerciais, as empresas podem delegar esta responsabilidade nos fornecedores de aluguer, permitindo-lhes concentrar-se nas suas atividades principais e melhorar a produtividade.<\/span><\/p>\n<p><span style=\"font-weight: 400;\">Experimente antes de comprar: o aluguer de ve\u00edculos oferece \u00e0s empresas a oportunidade de experimentar diferentes modelos e configura\u00e7\u00f5es antes de decidirem comprar. Isto \u00e9 especialmente \u00fatil para as empresas que est\u00e3o a considerar expandir a sua frota ou atualizar os seus ve\u00edculos atuais.<\/span><\/p>\n<p>&nbsp;<\/p>\n<h2><span style=\"font-weight: 400;\">Dispomos <\/span><b>de uma vasta gama de stock de ve\u00edculos comerciais que lhe podemos entregar imediatamente, unidades de pr\u00e9-entrega para alugueres de longa dura\u00e7\u00e3o e unidades de substitui\u00e7\u00e3o para avarias de longa dura\u00e7\u00e3o<\/b><span style=\"font-weight: 400;\">, para que possa satisfazer as necessidades urgentes da sua empresa. <\/span><b>Dispomos de uma rede de oficinas externas em toda a Pen\u00ednsula Ib\u00e9rica, Ilhas Can\u00e1rias e Baleares, bem como das nossas pr\u00f3prias oficinas TransTel em Val\u00eancia, Madrid, Barcelona, Bilbau, Sevilha e Lisboa.<\/b><\/h2>\n<p>&nbsp;<\/p>\n<p><span style=\"font-weight: 400;\">Dispomos de uma equipa de condutores que <\/span><b>entregar\u00e1 o ve\u00edculo chave <\/b><span style=\"font-weight: 400;\">na m\u00e3o onde desejar, em Espanha, incluindo as Ilhas Can\u00e1rias e Baleares, e em Portugal.<\/span><\/p>\n<p><span style=\"font-weight: 400;\">Na <\/span><b>TransTel SA<\/b><span style=\"font-weight: 400;\">, somos uma refer\u00eancia no <\/span><b>aluguer e leasing de ve\u00edculos industriais <\/b><span style=\"font-weight: 400;\">h\u00e1 mais de 50 anos. Conseguimos liderar o sector gra\u00e7as \u00e0 qualidade, ao envolvimento total de toda a equipa e \u00e0 melhoria cont\u00ednua. Se estiver interessado em obter mais informa\u00e7\u00f5es ou solicitar os nossos servi\u00e7os, contacte-nos.<\/span><\/p>\n","protected":false},"excerpt":{"rendered":"<p>No mundo empresarial de hoje, dispor de uma frota de ve\u00edculos vers\u00e1til e fi\u00e1vel \u00e9 essencial para garantir a efici\u00eancia operacional e o sucesso numa variedade de tarefas. Desde a log\u00edstica \u00e0 entrega de mercadorias e ao trabalho em terrenos dif\u00edceis, o aluguer de SUV e carrinhas oferece uma solu\u00e7\u00e3o pr\u00e1tica e econ\u00f3mica. &nbsp; Na [&hellip;]<\/p>\n","protected":false},"author":4,"featured_media":0,"comment_status":"open","ping_status":"open","sticky":false,"template":"","format":"standard","meta":{"_acf_changed":false,"footnotes":""},"categories":[590],"tags":[],"class_list":["post-5078","post","type-post","status-publish","format-standard","hentry","category-veiculos"],"acf":[],"yoast_head":"<!-- This site is optimized with the Yoast SEO plugin v26.9 - https:\/\/yoast.com\/product\/yoast-seo-wordpress\/ -->\n<title>Aluguer de SUV e carrinhas: quais s\u00e3o as op\u00e7\u00f5es? - Transtel<\/title>\n<meta name=\"robots\" content=\"index, follow, max-snippet:-1, max-image-preview:large, max-video-preview:-1\" \/>\n<link rel=\"canonical\" href=\"https:\/\/transtelsa.com\/pt-pt\/blog\/aluguer-de-suv-e-carrinhas-quais-sao-as-opcoes\/\" \/>\n<meta property=\"og:locale\" content=\"pt_PT\" \/>\n<meta property=\"og:type\" content=\"article\" \/>\n<meta property=\"og:title\" content=\"Aluguer de SUV e carrinhas: quais s\u00e3o as op\u00e7\u00f5es? - Transtel\" \/>\n<meta property=\"og:description\" content=\"No mundo empresarial de hoje, dispor de uma frota de ve\u00edculos vers\u00e1til e fi\u00e1vel \u00e9 essencial para garantir a efici\u00eancia operacional e o sucesso numa variedade de tarefas. Desde a log\u00edstica \u00e0 entrega de mercadorias e ao trabalho em terrenos dif\u00edceis, o aluguer de SUV e carrinhas oferece uma solu\u00e7\u00e3o pr\u00e1tica e econ\u00f3mica. &nbsp; Na [&hellip;]\" \/>\n<meta property=\"og:url\" content=\"https:\/\/transtelsa.com\/pt-pt\/blog\/aluguer-de-suv-e-carrinhas-quais-sao-as-opcoes\/\" \/>\n<meta property=\"og:site_name\" content=\"Transtel\" \/>\n<meta property=\"article:publisher\" content=\"https:\/\/www.facebook.com\/transtelsa\" \/>\n<meta property=\"article:published_time\" content=\"2024-06-05T08:31:26+00:00\" \/>\n<meta property=\"article:modified_time\" content=\"2024-09-26T04:30:03+00:00\" \/>\n<meta property=\"og:image\" content=\"https:\/\/transtelsa.com\/wp-content\/uploads\/2024\/06\/4-Alquiler-vehiculos-Todoterreno-1.jpeg\" \/>\n\t<meta property=\"og:image:width\" content=\"1200\" \/>\n\t<meta property=\"og:image:height\" content=\"900\" \/>\n\t<meta property=\"og:image:type\" content=\"image\/jpeg\" \/>\n<meta name=\"author\" content=\"TranstelsaPT\" \/>\n<meta name=\"twitter:card\" content=\"summary_large_image\" \/>\n<meta name=\"twitter:creator\" content=\"@PISTO\" \/>\n<meta name=\"twitter:label1\" content=\"Escrito por\" \/>\n\t<meta name=\"twitter:data1\" content=\"TranstelsaPT\" \/>\n\t<meta name=\"twitter:label2\" content=\"Tempo estimado de leitura\" \/>\n\t<meta name=\"twitter:data2\" content=\"5 minutos\" \/>\n<!-- \/ Yoast SEO plugin. -->","yoast_head_json":{"title":"Aluguer de SUV e carrinhas: quais s\u00e3o as op\u00e7\u00f5es? - Transtel","robots":{"index":"index","follow":"follow","max-snippet":"max-snippet:-1","max-image-preview":"max-image-preview:large","max-video-preview":"max-video-preview:-1"},"canonical":"https:\/\/transtelsa.com\/pt-pt\/blog\/aluguer-de-suv-e-carrinhas-quais-sao-as-opcoes\/","og_locale":"pt_PT","og_type":"article","og_title":"Aluguer de SUV e carrinhas: quais s\u00e3o as op\u00e7\u00f5es? - Transtel","og_description":"No mundo empresarial de hoje, dispor de uma frota de ve\u00edculos vers\u00e1til e fi\u00e1vel \u00e9 essencial para garantir a efici\u00eancia operacional e o sucesso numa variedade de tarefas. Desde a log\u00edstica \u00e0 entrega de mercadorias e ao trabalho em terrenos dif\u00edceis, o aluguer de SUV e carrinhas oferece uma solu\u00e7\u00e3o pr\u00e1tica e econ\u00f3mica. &nbsp; Na [&hellip;]","og_url":"https:\/\/transtelsa.com\/pt-pt\/blog\/aluguer-de-suv-e-carrinhas-quais-sao-as-opcoes\/","og_site_name":"Transtel","article_publisher":"https:\/\/www.facebook.com\/transtelsa","article_published_time":"2024-06-05T08:31:26+00:00","article_modified_time":"2024-09-26T04:30:03+00:00","og_image":[{"width":1200,"height":900,"url":"https:\/\/transtelsa.com\/wp-content\/uploads\/2024\/06\/4-Alquiler-vehiculos-Todoterreno-1.jpeg","type":"image\/jpeg"}],"author":"TranstelsaPT","twitter_card":"summary_large_image","twitter_creator":"@PISTO","twitter_misc":{"Escrito por":"TranstelsaPT","Tempo estimado de leitura":"5 minutos"},"schema":{"@context":"https:\/\/schema.org","@graph":[{"@type":"Article","@id":"https:\/\/transtelsa.com\/pt-pt\/blog\/aluguer-de-suv-e-carrinhas-quais-sao-as-opcoes\/#article","isPartOf":{"@id":"https:\/\/transtelsa.com\/pt-pt\/blog\/aluguer-de-suv-e-carrinhas-quais-sao-as-opcoes\/"},"author":{"name":"TranstelsaPT","@id":"https:\/\/transtelsa.com\/#\/schema\/person\/6c0046a8957598287c3921e1247cd567"},"headline":"Aluguer de SUV e carrinhas: quais s\u00e3o as op\u00e7\u00f5es?","datePublished":"2024-06-05T08:31:26+00:00","dateModified":"2024-09-26T04:30:03+00:00","mainEntityOfPage":{"@id":"https:\/\/transtelsa.com\/pt-pt\/blog\/aluguer-de-suv-e-carrinhas-quais-sao-as-opcoes\/"},"wordCount":944,"commentCount":0,"publisher":{"@id":"https:\/\/transtelsa.com\/#organization"},"articleSection":["Ve\u00edculos"],"inLanguage":"pt-PT","potentialAction":[{"@type":"CommentAction","name":"Comment","target":["https:\/\/transtelsa.com\/pt-pt\/blog\/aluguer-de-suv-e-carrinhas-quais-sao-as-opcoes\/#respond"]}]},{"@type":"WebPage","@id":"https:\/\/transtelsa.com\/pt-pt\/blog\/aluguer-de-suv-e-carrinhas-quais-sao-as-opcoes\/","url":"https:\/\/transtelsa.com\/pt-pt\/blog\/aluguer-de-suv-e-carrinhas-quais-sao-as-opcoes\/","name":"Aluguer de SUV e carrinhas: quais s\u00e3o as op\u00e7\u00f5es? - Transtel","isPartOf":{"@id":"https:\/\/transtelsa.com\/#website"},"datePublished":"2024-06-05T08:31:26+00:00","dateModified":"2024-09-26T04:30:03+00:00","inLanguage":"pt-PT","potentialAction":[{"@type":"ReadAction","target":["https:\/\/transtelsa.com\/pt-pt\/blog\/aluguer-de-suv-e-carrinhas-quais-sao-as-opcoes\/"]}]},{"@type":"WebSite","@id":"https:\/\/transtelsa.com\/#website","url":"https:\/\/transtelsa.com\/","name":"Transtel SA","description":"\u27a1\ufe0f Aluguel e Loca\u00e7\u00e3o de Ve\u00edculos Industriais | Transtel SA","publisher":{"@id":"https:\/\/transtelsa.com\/#organization"},"potentialAction":[{"@type":"SearchAction","target":{"@type":"EntryPoint","urlTemplate":"https:\/\/transtelsa.com\/?s={search_term_string}"},"query-input":{"@type":"PropertyValueSpecification","valueRequired":true,"valueName":"search_term_string"}}],"inLanguage":"pt-PT"},{"@type":"Organization","@id":"https:\/\/transtelsa.com\/#organization","name":"Transtel SA","url":"https:\/\/transtelsa.com\/","logo":{"@type":"ImageObject","inLanguage":"pt-PT","@id":"https:\/\/transtelsa.com\/#\/schema\/logo\/image\/","url":"https:\/\/transtelsa.com\/wp-content\/uploads\/2023\/03\/cropped-transtelfavicon.png","contentUrl":"https:\/\/transtelsa.com\/wp-content\/uploads\/2023\/03\/cropped-transtelfavicon.png","width":512,"height":512,"caption":"Transtel SA"},"image":{"@id":"https:\/\/transtelsa.com\/#\/schema\/logo\/image\/"},"sameAs":["https:\/\/www.facebook.com\/transtelsa","https:\/\/www.instagram.com\/transtelsa\/","https:\/\/www.linkedin.com\/company\/transtel-sa\/","https:\/\/www.youtube.com\/@transtelsa"]},{"@type":"Person","@id":"https:\/\/transtelsa.com\/#\/schema\/person\/6c0046a8957598287c3921e1247cd567","name":"TranstelsaPT","image":{"@type":"ImageObject","inLanguage":"pt-PT","@id":"https:\/\/transtelsa.com\/#\/schema\/person\/image\/","url":"https:\/\/secure.gravatar.com\/avatar\/e317d26bea46da66a6fe556b3fc0c9835105b999f4aa98f4493564ef375e29b5?s=96&d=mm&r=g","contentUrl":"https:\/\/secure.gravatar.com\/avatar\/e317d26bea46da66a6fe556b3fc0c9835105b999f4aa98f4493564ef375e29b5?s=96&d=mm&r=g","caption":"TranstelsaPT"},"sameAs":["https:\/\/x.com\/PISTO"],"url":"https:\/\/transtelsa.com\/pt-pt\/blog\/author\/transtelsapt\/"}]}},"_links":{"self":[{"href":"https:\/\/transtelsa.com\/pt-pt\/wp-json\/wp\/v2\/posts\/5078","targetHints":{"allow":["GET"]}}],"collection":[{"href":"https:\/\/transtelsa.com\/pt-pt\/wp-json\/wp\/v2\/posts"}],"about":[{"href":"https:\/\/transtelsa.com\/pt-pt\/wp-json\/wp\/v2\/types\/post"}],"author":[{"embeddable":true,"href":"https:\/\/transtelsa.com\/pt-pt\/wp-json\/wp\/v2\/users\/4"}],"replies":[{"embeddable":true,"href":"https:\/\/transtelsa.com\/pt-pt\/wp-json\/wp\/v2\/comments?post=5078"}],"version-history":[{"count":2,"href":"https:\/\/transtelsa.com\/pt-pt\/wp-json\/wp\/v2\/posts\/5078\/revisions"}],"predecessor-version":[{"id":5602,"href":"https:\/\/transtelsa.com\/pt-pt\/wp-json\/wp\/v2\/posts\/5078\/revisions\/5602"}],"wp:attachment":[{"href":"https:\/\/transtelsa.com\/pt-pt\/wp-json\/wp\/v2\/media?parent=5078"}],"wp:term":[{"taxonomy":"category","embeddable":true,"href":"https:\/\/transtelsa.com\/pt-pt\/wp-json\/wp\/v2\/categories?post=5078"},{"taxonomy":"post_tag","embeddable":true,"href":"https:\/\/transtelsa.com\/pt-pt\/wp-json\/wp\/v2\/tags?post=5078"}],"curies":[{"name":"wp","href":"https:\/\/api.w.org\/{rel}","templated":true}]}}