{"id":5073,"date":"2023-10-27T07:09:43","date_gmt":"2023-10-27T07:09:43","guid":{"rendered":"https:\/\/transtelsa.com\/?p=5073"},"modified":"2024-09-26T06:08:27","modified_gmt":"2024-09-26T06:08:27","slug":"furgao-cesto-o-veiculo-ideal-para-a-instalacao-de-luzes-de-natal-27-de-outubro-de-2023","status":"publish","type":"post","link":"https:\/\/transtelsa.com\/pt-pt\/blog\/furgao-cesto-o-veiculo-ideal-para-a-instalacao-de-luzes-de-natal-27-de-outubro-de-2023\/","title":{"rendered":"Furg\u00e3o-cesto, o ve\u00edculo ideal para a instala\u00e7\u00e3o de luzes de Natal 27 de outubro de 2023"},"content":{"rendered":"<p><span style=\"font-weight: 400;\">A \u00e9poca natal\u00edcia est\u00e1 a aproximar-se! E com ela, a transforma\u00e7\u00e3o m\u00e1gica das nossas ruas em destinos maravilhosos, cheios de luzes e decora\u00e7\u00f5es.<\/span><\/p>\n<p>&nbsp;<\/p>\n<p><span style=\"font-weight: 400;\">Se tem uma empresa que instala luzes de Natal na sua cidade, sabe como \u00e9 importante ter o equipamento certo.<\/span><\/p>\n<p>&nbsp;<\/p>\n<p><span style=\"font-weight: 400;\">Neste post, vamos dizer-lhe porque \u00e9 que o aluguer de um ve\u00edculo industrial, como uma carrinha de cestos, \u00e9 a escolha perfeita para isso. Na TransTel, oferecemos solu\u00e7\u00f5es ideais para empresas como a sua, por isso continue a ler e descubra como as nossas carrinhas com cesto podem tornar esta \u00e9poca festiva mais brilhante do que nunca!<\/span><\/p>\n<p>&nbsp;<\/p>\n<h2><b>A carrinha com cesto da TransTel, o ve\u00edculo perfeito para a instala\u00e7\u00e3o de luzes de Natal na cidade<\/b><\/h2>\n<p><b>Porque \u00e9 que o furg\u00e3o com cesto da TransTel \u00e9 perfeito para a instala\u00e7\u00e3o de luzes de Natal?<\/b><\/p>\n<p><span style=\"font-weight: 400;\">A instala\u00e7\u00e3o de luzes de Natal \u00e9 uma tarefa que requer acesso a locais altos e de dif\u00edcil acesso, como \u00e1rvores, postes e edif\u00edcios. \u00c9 aqui que entram em a\u00e7\u00e3o os furg\u00f5es com cesto da TransTel. Estes ve\u00edculos industriais foram especificamente concebidos para proporcionar um acesso seguro a alturas consider\u00e1veis, tornando-os a escolha ideal para a instala\u00e7\u00e3o de luzes de Natal.<\/span><\/p>\n<p>&nbsp;<\/p>\n<p><span style=\"font-weight: 400;\">Os nossos furg\u00f5es com cesto est\u00e3o equipados com caracter\u00edsticas especiais que os tornam perfeitos para esta tarefa. A sua plataforma de eleva\u00e7\u00e3o permite que os trabalhadores alcancem lugares altos de forma segura e eficiente. T\u00eam tamb\u00e9m uma ampla capacidade de armazenamento, o que significa que pode transportar todas as suas luzes e equipamento com facilidade.<\/span><\/p>\n<p>&nbsp;<\/p>\n<h2><b>Caracter\u00edsticas do furg\u00e3o com cesto TransTel<\/b><\/h2>\n<p><span style=\"font-weight: 400;\">Os nossos furg\u00f5es com cesto foram concebidos a pensar no conforto e na seguran\u00e7a dos trabalhadores. Algumas das principais caracter\u00edsticas incluem:<\/span><\/p>\n<p>&nbsp;<\/p>\n<p><b>Plataforma de eleva\u00e7\u00e3o<\/b><span style=\"font-weight: 400;\">: com uma capacidade de eleva\u00e7\u00e3o que atinge alturas elevadas, os nossos furg\u00f5es com cesto permitem-lhe chegar a locais de dif\u00edcil acesso em seguran\u00e7a.<\/span><\/p>\n<p><b>Amplo espa\u00e7o de armazenamento: <\/b><span style=\"font-weight: 400;\">com capacidade suficiente para transportar todas as suas luzes e equipamentos, pode concluir os seus projectos de Natal sem problemas de espa\u00e7o.<\/span><\/p>\n<p><b>Facilidade de utiliza\u00e7\u00e3o<\/b><span style=\"font-weight: 400;\">: os nossos ve\u00edculos s\u00e3o f\u00e1ceis de conduzir e manobrar, o que facilita o acesso \u00e0s zonas urbanas e aos centros das cidades onde se encontram as suas ilumina\u00e7\u00f5es de Natal.<\/span><span style=\"font-weight: 400;\"><br \/>\n<\/span><\/p>\n<p><b>Seguran\u00e7a: <\/b><span style=\"font-weight: 400;\">a seguran\u00e7a \u00e9 a nossa prioridade. Os nossos furg\u00f5es est\u00e3o equipados com sistemas de seguran\u00e7a avan\u00e7ados para garantir a prote\u00e7\u00e3o dos trabalhadores em alturas elevadas.<\/span><\/p>\n<p>&nbsp;<\/p>\n<h2><b>Caracter\u00edsticas ambientais dos furg\u00f5es com cesto da TransTel<\/b><\/h2>\n<p><span style=\"font-weight: 400;\">A instala\u00e7\u00e3o das luzes de Natal \u00e9 uma tradi\u00e7\u00e3o celebrada no cora\u00e7\u00e3o das nossas cidades. No entanto, \u00e9 essencial ter em conta a sustentabilidade ambiental.<\/span><\/p>\n<p>&nbsp;<\/p>\n<p><span style=\"font-weight: 400;\">Com os nossos furg\u00f5es com cesto, \u00e9 poss\u00edvel aceder \u00e0s zonas centrais da cidade de uma forma eficiente e amiga do ambiente. A mobilidade el\u00e9ctrica \u00e9 uma das nossas prioridades, e os nossos ve\u00edculos t\u00eam op\u00e7\u00f5es el\u00e9ctricas que reduzem as emiss\u00f5es e o impacto ambiental nestas zonas movimentadas. Os nossos ve\u00edculos t\u00eam as etiquetas ECO, 0 ou C.<\/span><\/p>\n<p>&nbsp;<\/p>\n<h2><b>Como alugar um ve\u00edculo comercial para a sua empresa na TransTel<\/b><\/h2>\n<p><span style=\"font-weight: 400;\">Agora que j\u00e1 conhece as vantagens de alugar uma carrinha cesto da TransTel para a instala\u00e7\u00e3o das luzes de Natal, explicamos-lhe como o pode fazer:<\/span><\/p>\n<p>&nbsp;<\/p>\n<p><b>Contacte-nos: <\/b><span style=\"font-weight: 400;\">entre em contacto com a nossa equipa de apoio ao cliente. Teremos todo o gosto em ajud\u00e1-lo a escolher o ve\u00edculo industrial que melhor se adapta \u00e0s necessidades da sua empresa.<\/span><\/p>\n<p><b>Reservar o seu ve\u00edculo cesto<\/b><span style=\"font-weight: 400;\">: uma vez selecionado o ve\u00edculo adequado, procederemos \u00e0 reserva. Oferecemos-lhe op\u00e7\u00f5es de aluguer flex\u00edveis que se adaptam ao calend\u00e1rio do seu projeto de Natal.<\/span><\/p>\n<p><b>Levantar o seu ve\u00edculo ou indicar-nos a morada de entrega: <\/b><span style=\"font-weight: 400;\">no dia acordado, pode levantar o seu furg\u00e3o-cesto num dos nossos locais ou, se preferir, n\u00f3s entregamo-lo nas suas instala\u00e7\u00f5es. Dar-lhe-emos uma breve forma\u00e7\u00e3o sobre o seu funcionamento e seguran\u00e7a.<\/span><\/p>\n<p><span style=\"font-weight: 400;\">M\u00e3os \u00e0 obra: agora est\u00e1 pronto para efetuar a sua instala\u00e7\u00e3o de luzes de Natal de forma eficiente e segura.<\/span><\/p>\n<p><span style=\"font-weight: 400;\">Se quiser saber mais sobre o aluguer de curta dura\u00e7\u00e3o de ve\u00edculos industriais da TransTel para empresas, j\u00e1 fal\u00e1mos sobre isso no nosso blogue.<\/span><\/p>\n<p>&nbsp;<\/p>\n<p><span style=\"font-weight: 400;\">Em suma, um furg\u00e3o com cesto TransTel \u00e9 a escolha perfeita para a instala\u00e7\u00e3o de luzes de Natal nos centros das cidades. Com as suas caracter\u00edsticas concebidas especificamente para esta tarefa e o seu foco na sustentabilidade ambiental, ser\u00e1 capaz de realizar o trabalho de forma eficiente e respons\u00e1vel. N\u00e3o perca a oportunidade de tornar esta \u00e9poca festiva inesquec\u00edvel para a sua empresa, contacte-nos hoje mesmo e reserve a sua carrinha de cabaz TransTel!<\/span><span style=\"font-weight: 400;\"><br \/>\n<\/span><\/p>\n<p><span style=\"font-weight: 400;\">Na TransTel temos uma grande variedade <\/span><b>de ve\u00edculos comerciais que lhe podemos entregar imediatamente, unidades de pr\u00e9-entrega para alugueres de longa dura\u00e7\u00e3o e unidades de substitui\u00e7\u00e3o para avarias de longa dura\u00e7\u00e3o<\/b><span style=\"font-weight: 400;\">, para que possa satisfazer as necessidades urgentes da sua empresa. <\/span><b>Dispomos de uma rede de oficinas externas em toda a Pen\u00ednsula Ib\u00e9rica, Ilhas Can\u00e1rias e Baleares, bem como das nossas pr\u00f3prias oficinas TransTel em Val\u00eancia, Madrid, Barcelona, Bilbau, Sevilha e Lisboa.<\/b><\/p>\n<p>&nbsp;<\/p>\n<p><span style=\"font-weight: 400;\">Dispomos de uma equipa de condutores que <\/span><b>entregar\u00e1 o ve\u00edculo chave <\/b><span style=\"font-weight: 400;\">na m\u00e3o onde desejar, em Espanha, incluindo as Ilhas Can\u00e1rias e Baleares, e em Portugal.<\/span><\/p>\n<p>&nbsp;<\/p>\n<p><span style=\"font-weight: 400;\">Na <\/span><b>TransTel SA<\/b><span style=\"font-weight: 400;\">, somos uma refer\u00eancia no <\/span><b>aluguer e leasing de ve\u00edculos industriais <\/b><span style=\"font-weight: 400;\">h\u00e1 mais de 50 anos. Conseguimos liderar o sector gra\u00e7as \u00e0 qualidade, ao envolvimento total de toda a equipa e \u00e0 melhoria cont\u00ednua. Se estiver interessado em obter mais informa\u00e7\u00f5es ou solicitar os nossos servi\u00e7os, contacte-nos.<\/span><\/p>\n<p>&nbsp;<\/p>\n<p><span style=\"font-weight: 400;\">N\u00c3O INTERESSA AO MERCADO PORTUGU\u00caS E \u00c9 DO ANO PASSADO<\/span><\/p>\n","protected":false},"excerpt":{"rendered":"<p>A \u00e9poca natal\u00edcia est\u00e1 a aproximar-se! E com ela, a transforma\u00e7\u00e3o m\u00e1gica das nossas ruas em destinos maravilhosos, cheios de luzes e decora\u00e7\u00f5es. &nbsp; Se tem uma empresa que instala luzes de Natal na sua cidade, sabe como \u00e9 importante ter o equipamento certo. &nbsp; Neste post, vamos dizer-lhe porque \u00e9 que o aluguer de [&hellip;]<\/p>\n","protected":false},"author":4,"featured_media":5074,"comment_status":"open","ping_status":"open","sticky":false,"template":"","format":"standard","meta":{"_acf_changed":false,"footnotes":""},"categories":[590],"tags":[718,700,710,774,688,779,780,777,778,633,773,772,781,766,632,755,776,620,644,775],"class_list":["post-5073","post","type-post","status-publish","format-standard","has-post-thumbnail","hentry","category-veiculos","tag-acesso-a-alturas","tag-aluguer-de-veiculos-industriais","tag-aluguer-flexivel","tag-carrinha-com-cesto","tag-eficiencia-operacional","tag-empresas-de-iluminacao","tag-entrega-chave-na-mao","tag-equipamentos-para-instalacao","tag-festividades","tag-frota-de-veiculos","tag-instalacao-de-luzes-de-natal","tag-natal","tag-seguranca-em-altura","tag-seguranca-no-trabalho","tag-servicos-de-aluguer","tag-solucoes-de-mobilidade","tag-sustentabilidade-ambiental","tag-transtel-pt-pt","tag-veiculos-comerciais","tag-veiculos-eletricos"],"acf":[],"yoast_head":"<!-- This site is optimized with the Yoast SEO plugin v26.9 - https:\/\/yoast.com\/product\/yoast-seo-wordpress\/ -->\n<title>Furg\u00e3o-cesto, o ve\u00edculo ideal para a instala\u00e7\u00e3o de luzes de Natal 27 de outubro de 2023 - Transtel<\/title>\n<meta name=\"robots\" content=\"index, follow, max-snippet:-1, max-image-preview:large, max-video-preview:-1\" \/>\n<link rel=\"canonical\" href=\"https:\/\/transtelsa.com\/pt-pt\/blog\/furgao-cesto-o-veiculo-ideal-para-a-instalacao-de-luzes-de-natal-27-de-outubro-de-2023\/\" \/>\n<meta property=\"og:locale\" content=\"pt_PT\" \/>\n<meta property=\"og:type\" content=\"article\" \/>\n<meta property=\"og:title\" content=\"Furg\u00e3o-cesto, o ve\u00edculo ideal para a instala\u00e7\u00e3o de luzes de Natal 27 de outubro de 2023 - Transtel\" \/>\n<meta property=\"og:description\" content=\"A \u00e9poca natal\u00edcia est\u00e1 a aproximar-se! E com ela, a transforma\u00e7\u00e3o m\u00e1gica das nossas ruas em destinos maravilhosos, cheios de luzes e decora\u00e7\u00f5es. &nbsp; Se tem uma empresa que instala luzes de Natal na sua cidade, sabe como \u00e9 importante ter o equipamento certo. &nbsp; Neste post, vamos dizer-lhe porque \u00e9 que o aluguer de [&hellip;]\" \/>\n<meta property=\"og:url\" content=\"https:\/\/transtelsa.com\/pt-pt\/blog\/furgao-cesto-o-veiculo-ideal-para-a-instalacao-de-luzes-de-natal-27-de-outubro-de-2023\/\" \/>\n<meta property=\"og:site_name\" content=\"Transtel\" \/>\n<meta property=\"article:publisher\" content=\"https:\/\/www.facebook.com\/transtelsa\" \/>\n<meta property=\"article:published_time\" content=\"2023-10-27T07:09:43+00:00\" \/>\n<meta property=\"article:modified_time\" content=\"2024-09-26T06:08:27+00:00\" \/>\n<meta property=\"og:image\" content=\"https:\/\/transtelsa.com\/wp-content\/uploads\/2023\/10\/8-Alquiler-vehiculos-Plataformas-Aereas-1.jpeg\" \/>\n\t<meta property=\"og:image:width\" content=\"1200\" \/>\n\t<meta property=\"og:image:height\" content=\"900\" \/>\n\t<meta property=\"og:image:type\" content=\"image\/jpeg\" \/>\n<meta name=\"author\" content=\"TranstelsaPT\" \/>\n<meta name=\"twitter:card\" content=\"summary_large_image\" \/>\n<meta name=\"twitter:creator\" content=\"@PISTO\" \/>\n<meta name=\"twitter:label1\" content=\"Escrito por\" \/>\n\t<meta name=\"twitter:data1\" content=\"TranstelsaPT\" \/>\n\t<meta name=\"twitter:label2\" content=\"Tempo estimado de leitura\" \/>\n\t<meta name=\"twitter:data2\" content=\"6 minutos\" \/>\n<!-- \/ Yoast SEO plugin. -->","yoast_head_json":{"title":"Furg\u00e3o-cesto, o ve\u00edculo ideal para a instala\u00e7\u00e3o de luzes de Natal 27 de outubro de 2023 - Transtel","robots":{"index":"index","follow":"follow","max-snippet":"max-snippet:-1","max-image-preview":"max-image-preview:large","max-video-preview":"max-video-preview:-1"},"canonical":"https:\/\/transtelsa.com\/pt-pt\/blog\/furgao-cesto-o-veiculo-ideal-para-a-instalacao-de-luzes-de-natal-27-de-outubro-de-2023\/","og_locale":"pt_PT","og_type":"article","og_title":"Furg\u00e3o-cesto, o ve\u00edculo ideal para a instala\u00e7\u00e3o de luzes de Natal 27 de outubro de 2023 - Transtel","og_description":"A \u00e9poca natal\u00edcia est\u00e1 a aproximar-se! E com ela, a transforma\u00e7\u00e3o m\u00e1gica das nossas ruas em destinos maravilhosos, cheios de luzes e decora\u00e7\u00f5es. &nbsp; Se tem uma empresa que instala luzes de Natal na sua cidade, sabe como \u00e9 importante ter o equipamento certo. &nbsp; Neste post, vamos dizer-lhe porque \u00e9 que o aluguer de [&hellip;]","og_url":"https:\/\/transtelsa.com\/pt-pt\/blog\/furgao-cesto-o-veiculo-ideal-para-a-instalacao-de-luzes-de-natal-27-de-outubro-de-2023\/","og_site_name":"Transtel","article_publisher":"https:\/\/www.facebook.com\/transtelsa","article_published_time":"2023-10-27T07:09:43+00:00","article_modified_time":"2024-09-26T06:08:27+00:00","og_image":[{"width":1200,"height":900,"url":"https:\/\/transtelsa.com\/wp-content\/uploads\/2023\/10\/8-Alquiler-vehiculos-Plataformas-Aereas-1.jpeg","type":"image\/jpeg"}],"author":"TranstelsaPT","twitter_card":"summary_large_image","twitter_creator":"@PISTO","twitter_misc":{"Escrito por":"TranstelsaPT","Tempo estimado de leitura":"6 minutos"},"schema":{"@context":"https:\/\/schema.org","@graph":[{"@type":"Article","@id":"https:\/\/transtelsa.com\/pt-pt\/blog\/furgao-cesto-o-veiculo-ideal-para-a-instalacao-de-luzes-de-natal-27-de-outubro-de-2023\/#article","isPartOf":{"@id":"https:\/\/transtelsa.com\/pt-pt\/blog\/furgao-cesto-o-veiculo-ideal-para-a-instalacao-de-luzes-de-natal-27-de-outubro-de-2023\/"},"author":{"name":"TranstelsaPT","@id":"https:\/\/transtelsa.com\/#\/schema\/person\/6c0046a8957598287c3921e1247cd567"},"headline":"Furg\u00e3o-cesto, o ve\u00edculo ideal para a instala\u00e7\u00e3o de luzes de Natal 27 de outubro de 2023","datePublished":"2023-10-27T07:09:43+00:00","dateModified":"2024-09-26T06:08:27+00:00","mainEntityOfPage":{"@id":"https:\/\/transtelsa.com\/pt-pt\/blog\/furgao-cesto-o-veiculo-ideal-para-a-instalacao-de-luzes-de-natal-27-de-outubro-de-2023\/"},"wordCount":1014,"commentCount":0,"publisher":{"@id":"https:\/\/transtelsa.com\/#organization"},"image":{"@id":"https:\/\/transtelsa.com\/pt-pt\/blog\/furgao-cesto-o-veiculo-ideal-para-a-instalacao-de-luzes-de-natal-27-de-outubro-de-2023\/#primaryimage"},"thumbnailUrl":"https:\/\/transtelsa.com\/wp-content\/uploads\/2023\/10\/8-Alquiler-vehiculos-Plataformas-Aereas-1.jpeg","keywords":["acesso a alturas.","aluguer de ve\u00edculos industriais","aluguer flex\u00edvel","carrinha com cesto","Efici\u00eancia Operacional","empresas de ilumina\u00e7\u00e3o","entrega chave na m\u00e3o","equipamentos para instala\u00e7\u00e3o","festividades","Frota de Ve\u00edculos","instala\u00e7\u00e3o de luzes de Natal","Natal","seguran\u00e7a em altura","Seguran\u00e7a no Trabalho","Servi\u00e7os de Aluguer","Solu\u00e7\u00f5es de Mobilidade.","sustentabilidade ambiental","transtel","Ve\u00edculos Comerciais","ve\u00edculos el\u00e9tricos"],"articleSection":["Ve\u00edculos"],"inLanguage":"pt-PT","potentialAction":[{"@type":"CommentAction","name":"Comment","target":["https:\/\/transtelsa.com\/pt-pt\/blog\/furgao-cesto-o-veiculo-ideal-para-a-instalacao-de-luzes-de-natal-27-de-outubro-de-2023\/#respond"]}]},{"@type":"WebPage","@id":"https:\/\/transtelsa.com\/pt-pt\/blog\/furgao-cesto-o-veiculo-ideal-para-a-instalacao-de-luzes-de-natal-27-de-outubro-de-2023\/","url":"https:\/\/transtelsa.com\/pt-pt\/blog\/furgao-cesto-o-veiculo-ideal-para-a-instalacao-de-luzes-de-natal-27-de-outubro-de-2023\/","name":"Furg\u00e3o-cesto, o ve\u00edculo ideal para a instala\u00e7\u00e3o de luzes de Natal 27 de outubro de 2023 - Transtel","isPartOf":{"@id":"https:\/\/transtelsa.com\/#website"},"primaryImageOfPage":{"@id":"https:\/\/transtelsa.com\/pt-pt\/blog\/furgao-cesto-o-veiculo-ideal-para-a-instalacao-de-luzes-de-natal-27-de-outubro-de-2023\/#primaryimage"},"image":{"@id":"https:\/\/transtelsa.com\/pt-pt\/blog\/furgao-cesto-o-veiculo-ideal-para-a-instalacao-de-luzes-de-natal-27-de-outubro-de-2023\/#primaryimage"},"thumbnailUrl":"https:\/\/transtelsa.com\/wp-content\/uploads\/2023\/10\/8-Alquiler-vehiculos-Plataformas-Aereas-1.jpeg","datePublished":"2023-10-27T07:09:43+00:00","dateModified":"2024-09-26T06:08:27+00:00","inLanguage":"pt-PT","potentialAction":[{"@type":"ReadAction","target":["https:\/\/transtelsa.com\/pt-pt\/blog\/furgao-cesto-o-veiculo-ideal-para-a-instalacao-de-luzes-de-natal-27-de-outubro-de-2023\/"]}]},{"@type":"ImageObject","inLanguage":"pt-PT","@id":"https:\/\/transtelsa.com\/pt-pt\/blog\/furgao-cesto-o-veiculo-ideal-para-a-instalacao-de-luzes-de-natal-27-de-outubro-de-2023\/#primaryimage","url":"https:\/\/transtelsa.com\/wp-content\/uploads\/2023\/10\/8-Alquiler-vehiculos-Plataformas-Aereas-1.jpeg","contentUrl":"https:\/\/transtelsa.com\/wp-content\/uploads\/2023\/10\/8-Alquiler-vehiculos-Plataformas-Aereas-1.jpeg","width":1200,"height":900,"caption":"8 Alquiler vehiculos Plataformas Aereas 1"},{"@type":"WebSite","@id":"https:\/\/transtelsa.com\/#website","url":"https:\/\/transtelsa.com\/","name":"Transtel SA","description":"\u27a1\ufe0f Aluguel e Loca\u00e7\u00e3o de Ve\u00edculos Industriais | Transtel SA","publisher":{"@id":"https:\/\/transtelsa.com\/#organization"},"potentialAction":[{"@type":"SearchAction","target":{"@type":"EntryPoint","urlTemplate":"https:\/\/transtelsa.com\/?s={search_term_string}"},"query-input":{"@type":"PropertyValueSpecification","valueRequired":true,"valueName":"search_term_string"}}],"inLanguage":"pt-PT"},{"@type":"Organization","@id":"https:\/\/transtelsa.com\/#organization","name":"Transtel SA","url":"https:\/\/transtelsa.com\/","logo":{"@type":"ImageObject","inLanguage":"pt-PT","@id":"https:\/\/transtelsa.com\/#\/schema\/logo\/image\/","url":"https:\/\/transtelsa.com\/wp-content\/uploads\/2023\/03\/cropped-transtelfavicon.png","contentUrl":"https:\/\/transtelsa.com\/wp-content\/uploads\/2023\/03\/cropped-transtelfavicon.png","width":512,"height":512,"caption":"Transtel SA"},"image":{"@id":"https:\/\/transtelsa.com\/#\/schema\/logo\/image\/"},"sameAs":["https:\/\/www.facebook.com\/transtelsa","https:\/\/www.instagram.com\/transtelsa\/","https:\/\/www.linkedin.com\/company\/transtel-sa\/","https:\/\/www.youtube.com\/@transtelsa"]},{"@type":"Person","@id":"https:\/\/transtelsa.com\/#\/schema\/person\/6c0046a8957598287c3921e1247cd567","name":"TranstelsaPT","image":{"@type":"ImageObject","inLanguage":"pt-PT","@id":"https:\/\/transtelsa.com\/#\/schema\/person\/image\/","url":"https:\/\/secure.gravatar.com\/avatar\/e317d26bea46da66a6fe556b3fc0c9835105b999f4aa98f4493564ef375e29b5?s=96&d=mm&r=g","contentUrl":"https:\/\/secure.gravatar.com\/avatar\/e317d26bea46da66a6fe556b3fc0c9835105b999f4aa98f4493564ef375e29b5?s=96&d=mm&r=g","caption":"TranstelsaPT"},"sameAs":["https:\/\/x.com\/PISTO"],"url":"https:\/\/transtelsa.com\/pt-pt\/blog\/author\/transtelsapt\/"}]}},"_links":{"self":[{"href":"https:\/\/transtelsa.com\/pt-pt\/wp-json\/wp\/v2\/posts\/5073","targetHints":{"allow":["GET"]}}],"collection":[{"href":"https:\/\/transtelsa.com\/pt-pt\/wp-json\/wp\/v2\/posts"}],"about":[{"href":"https:\/\/transtelsa.com\/pt-pt\/wp-json\/wp\/v2\/types\/post"}],"author":[{"embeddable":true,"href":"https:\/\/transtelsa.com\/pt-pt\/wp-json\/wp\/v2\/users\/4"}],"replies":[{"embeddable":true,"href":"https:\/\/transtelsa.com\/pt-pt\/wp-json\/wp\/v2\/comments?post=5073"}],"version-history":[{"count":4,"href":"https:\/\/transtelsa.com\/pt-pt\/wp-json\/wp\/v2\/posts\/5073\/revisions"}],"predecessor-version":[{"id":5646,"href":"https:\/\/transtelsa.com\/pt-pt\/wp-json\/wp\/v2\/posts\/5073\/revisions\/5646"}],"wp:featuredmedia":[{"embeddable":true,"href":"https:\/\/transtelsa.com\/pt-pt\/wp-json\/wp\/v2\/media\/5074"}],"wp:attachment":[{"href":"https:\/\/transtelsa.com\/pt-pt\/wp-json\/wp\/v2\/media?parent=5073"}],"wp:term":[{"taxonomy":"category","embeddable":true,"href":"https:\/\/transtelsa.com\/pt-pt\/wp-json\/wp\/v2\/categories?post=5073"},{"taxonomy":"post_tag","embeddable":true,"href":"https:\/\/transtelsa.com\/pt-pt\/wp-json\/wp\/v2\/tags?post=5073"}],"curies":[{"name":"wp","href":"https:\/\/api.w.org\/{rel}","templated":true}]}}