{"id":4982,"date":"2023-12-07T11:09:44","date_gmt":"2023-12-07T11:09:44","guid":{"rendered":"https:\/\/transtelsa.com\/?p=4982"},"modified":"2024-09-26T10:25:16","modified_gmt":"2024-09-26T10:25:16","slug":"conselhos-e-sugestoes-antes-de-alugar-um-veiculo-industrial-2","status":"publish","type":"post","link":"https:\/\/transtelsa.com\/pt-pt\/blog\/conselhos-e-sugestoes-antes-de-alugar-um-veiculo-industrial-2\/","title":{"rendered":"Conselhos e sugest\u00f5es antes de alugar um ve\u00edculo industrial"},"content":{"rendered":"<p><span style=\"font-weight: 400;\">Quando uma empresa est\u00e1 a considerar a necessidade de <\/span><b>alugar um ve\u00edculo comercial<\/b><span style=\"font-weight: 400;\">, \u00e9 essencial tomar decis\u00f5es informadas e considerar uma s\u00e9rie de factores-chave para garantir que a escolha \u00e9 a correcta para as suas necessidades espec\u00edficas.<\/span><\/p>\n<p>&nbsp;<\/p>\n<p><span style=\"font-weight: 400;\">Nesta publica\u00e7\u00e3o, vamos dar-lhe uma s\u00e9rie de dicas e sugest\u00f5es importantes a considerar antes de alugar o seu ve\u00edculo comercial. Na <\/span><b>TransTel<\/b><span style=\"font-weight: 400;\">, uma empresa l\u00edder no aluguer de ve\u00edculos comerciais, estamos empenhados em fornecer os melhores conselhos e op\u00e7\u00f5es aos nossos clientes. Continue a ler para descobrir todos os detalhes!<\/span><\/p>\n<p>&nbsp;<\/p>\n<h2><b>O que deve ser considerado antes de alugar um ve\u00edculo comercial?<\/b><\/h2>\n<p><span style=\"font-weight: 400;\">Antes de dar o passo de alugar um ve\u00edculo comercial, \u00e9 essencial analisar diferentes aspectos que o ajudar\u00e3o a tomar a decis\u00e3o certa. Eis alguns factores-chave a considerar:<\/span><\/p>\n<p>&nbsp;<\/p>\n<h2><b>Tarefa para a qual o ve\u00edculo comercial vai ser utilizado.<\/b><\/h2>\n<p><span style=\"font-weight: 400;\">Um dos primeiros passos \u00e9 definir claramente a finalidade do ve\u00edculo comercial &#8211; ser\u00e1 utilizado para transporte de mercadorias, entregas, constru\u00e7\u00e3o, manuten\u00e7\u00e3o de estradas, servi\u00e7os urbanos, manuten\u00e7\u00e3o el\u00e9ctrica ou outra tarefa espec\u00edfica? Esta defini\u00e7\u00e3o ajudar\u00e1 a determinar o tipo de ve\u00edculo e as suas caracter\u00edsticas necess\u00e1rias.<\/span><\/p>\n<p>&nbsp;<\/p>\n<p><b>R\u00f3tulo ambiental distintivo que voc\u00ea precisa<\/b><b><br \/>\n<\/b><\/p>\n<p><span style=\"font-weight: 400;\">Num mundo cada vez mais preocupado com a sustentabilidade, \u00e9 <\/span><b>essencial considerar o<\/b> <b>selo ambiental distintivo necess\u00e1rio <\/b><span style=\"font-weight: 400;\">para operar em determinadas \u00e1reas ou cumprir<\/span> <span style=\"font-weight: 400;\">regulamentos espec\u00edficos. Algumas cidades possuem restri\u00e7\u00f5es de acesso com base nessas<\/span> <span style=\"font-weight: 400;\">etiquetas, por isso \u00e9 importante selecionar um ve\u00edculo que atenda aos requisitos ambientais<\/span> <span style=\"font-weight: 400;\">necess\u00e1rios.<\/span><\/p>\n<p>&nbsp;<\/p>\n<p><b>Seguro abrangente<\/b><\/p>\n<p>&nbsp;<\/p>\n<p><span style=\"font-weight: 400;\">O seguro \u00e9 um aspecto crucial no aluguel de um ve\u00edculo comercial. Certifique-se de que o<\/span> <span style=\"font-weight: 400;\">ve\u00edculo possui um <\/span><b>seguro abrangente para proteg\u00ea-lo em caso de acidentes ou danos<\/b><span style=\"font-weight: 400;\">. Na<\/span> <span style=\"font-weight: 400;\">TransTel, nossos ve\u00edculos contam com seguros abrangentes para lhe proporcionar<\/span> <span style=\"font-weight: 400;\">tranquilidade e seguran\u00e7a em suas opera\u00e7\u00f5es.<\/span><\/p>\n<p>&nbsp;<\/p>\n<p><b>Cobertura de avarias<\/b><\/p>\n<p>&nbsp;<\/p>\n<p><span style=\"font-weight: 400;\">Ningu\u00e9m est\u00e1 isento de sofrer uma avaria num ve\u00edculo, por isso \u00e9 importante conhecer <\/span><b>a<\/b> <b>cobertura contra avarias oferecida pelo servi\u00e7o de aluguer<\/b><span style=\"font-weight: 400;\">.<\/span><\/p>\n<p>&nbsp;<\/p>\n<p><span style=\"font-weight: 400;\">Na <\/span><b>TransTel <\/b><span style=\"font-weight: 400;\">contamos com uma extensa rede de oficinas pr\u00f3prias e externas em toda a<\/span> <span style=\"font-weight: 400;\">Espanha para prestar assist\u00eancia imediata em caso de avarias. Al\u00e9m disso, disponibilizamos<\/span> <span style=\"font-weight: 400;\">ve\u00edculos de reposi\u00e7\u00e3o com caracter\u00edsticas semelhantes para minimizar interrup\u00e7\u00f5es no seu<\/span> <span style=\"font-weight: 400;\">trabalho.<\/span><\/p>\n<p>&nbsp;<\/p>\n<p><b>Prazos de contrata\u00e7\u00e3o e quilometragem<\/b><\/p>\n<p>&nbsp;<\/p>\n<p><span style=\"font-weight: 400;\">Prazos de contrata\u00e7\u00e3o e quilometragem s\u00e3o aspectos cruciais a serem considerados. Voc\u00ea<\/span> <span style=\"font-weight: 400;\">precisa do ve\u00edculo por um per\u00edodo curto ou longo prazo? Qual \u00e9 o limite de quilometragem<\/span> <span style=\"font-weight: 400;\">adequado \u00e0s suas necessidades? Na <\/span><b>TransTel<\/b><span style=\"font-weight: 400;\">, temos o compromisso de fornecer todas as<\/span> <span style=\"font-weight: 400;\">facilidades necess\u00e1rias para que voc\u00ea possa adaptar o aluguer \u00e0s suas necessidades<\/span> <span style=\"font-weight: 400;\">espec\u00edficas.<\/span><\/p>\n<p>&nbsp;<\/p>\n<p><b>Mais sobre aluguer de ve\u00edculos comerciais da TransTel<\/b><\/p>\n<p>&nbsp;<\/p>\n<p><span style=\"font-weight: 400;\">Na TransTel entendemos a import\u00e2ncia de ter <\/span><b>ve\u00edculos industriais confi\u00e1veis e adaptados \u00e0s<\/b> <b>necessidades da sua empresa<\/b><span style=\"font-weight: 400;\">. A nossa frota de ve\u00edculos industriais foi projetada para<\/span> <span style=\"font-weight: 400;\">oferecer solu\u00e7\u00f5es eficientes e seguras para uma ampla gama de ind\u00fastrias e aplica\u00e7\u00f5es.<\/span><span style=\"font-weight: 400;\"><br \/>\n<\/span><\/p>\n<p><span style=\"font-weight: 400;\">Trabalhamos em estreita colabora\u00e7\u00e3o com nossos clientes para garantir que eles encontrem a<\/span> <span style=\"font-weight: 400;\">op\u00e7\u00e3o de aluguer de ve\u00edculos comerciais que melhor atenda \u00e0s suas necessidades e<\/span> <span style=\"font-weight: 400;\">or\u00e7amento. Se precisa de um cami\u00e3o de carga, Carrinha de entrega, cami\u00e3o de lixo, cami\u00e3o<\/span> <span style=\"font-weight: 400;\">basculante, cami\u00e3o guindaste, plataforma a\u00e9rea ou ve\u00edculo especializado, estamos aqui para<\/span> <span style=\"font-weight: 400;\">ajudar.<\/span><\/p>\n<p><span style=\"font-weight: 400;\">Se quiser saber mais sobre o aluguer de ve\u00edculos comerciais para empresas que oferecemos<\/span> <span style=\"font-weight: 400;\">na TransTel, j\u00e1 fal\u00e1mos sobre isso no nosso blog. Entre para saber mais.<\/span><\/p>\n<p>&nbsp;<\/p>\n<p><span style=\"font-weight: 400;\">Alugar um ve\u00edculo comercial \u00e9 uma decis\u00e3o importante que pode ter um impacto significativo na<\/span> <span style=\"font-weight: 400;\">efici\u00eancia e no sucesso do seu neg\u00f3cio. Antes de tomar essa decis\u00e3o, \u00e9 fundamental<\/span> <span style=\"font-weight: 400;\">considerar cuidadosamente os fatores mencionados acima e procurar uma locadora de<\/span> <span style=\"font-weight: 400;\">confian\u00e7a como a TransTel, que oferece op\u00e7\u00f5es flex\u00edveis e servi\u00e7os excepcionais.<\/span><\/p>\n<p>&nbsp;<\/p>\n<p><span style=\"font-weight: 400;\">Na TransTel temos um <\/span><b>amplo stock de ve\u00edculos industriais que lhe podemos entregar de<\/b> <b>imediato, unidades de pr\u00e9-entrega para aluguer de longa dura\u00e7\u00e3o e unidades de<\/b> <b>substitui\u00e7\u00e3o para avarias de longa dura\u00e7\u00e3o<\/b><span style=\"font-weight: 400;\">, para que possa cobrir as necessidades<\/span> <span style=\"font-weight: 400;\">urgentes da sua empresa. <\/span><b>Temos uma rede de workshops externos em toda a Pen\u00ednsula<\/b> <b>Ib\u00e9rica, Ilhas Can\u00e1rias e Ilhas Baleares e workshops pr\u00f3prios TransTel em Val\u00eancia,<\/b> <b>Madrid, Barcelona, Bilbau, M\u00e1laga, Sevilha e Lisboa.<\/b><\/p>\n<p>&nbsp;<\/p>\n<p><span style=\"font-weight: 400;\">Dispomos de uma equipa de motoristas que <\/span><b>entregar\u00e1 o ve\u00edculo chave na m\u00e3o <\/b><span style=\"font-weight: 400;\">onde quiser,<\/span> <span style=\"font-weight: 400;\">em Espanha, incluindo Ilhas Can\u00e1rias e Baleares, e em Portugal.<\/span><\/p>\n<p><span style=\"font-weight: 400;\">Na <\/span><b>TransTel <\/b><span style=\"font-weight: 400;\">S somos refer\u00eancia no <\/span><b>aluguer e leasing de ve\u00edculos industriais <\/b><span style=\"font-weight: 400;\">h\u00e1 mais de 50<\/span> <span style=\"font-weight: 400;\">anos. Conseguimos liderar o setor gra\u00e7as \u00e0 qualidade, ao envolvimento total de toda a equipa e<\/span> <span style=\"font-weight: 400;\">\u00e0 melhoria permanente. Caso tenha interesse em obter mais informa\u00e7\u00f5es ou solicitar nossos<\/span> <span style=\"font-weight: 400;\">servi\u00e7os, entre em contato conosco.<\/span><\/p>\n","protected":false},"excerpt":{"rendered":"<p>Quando uma empresa est\u00e1 a considerar a necessidade de alugar um ve\u00edculo comercial, \u00e9 essencial tomar decis\u00f5es informadas e considerar uma s\u00e9rie de factores-chave para garantir que a escolha \u00e9 a correcta para as suas necessidades espec\u00edficas. &nbsp; Nesta publica\u00e7\u00e3o, vamos dar-lhe uma s\u00e9rie de dicas e sugest\u00f5es importantes a considerar antes de alugar o [&hellip;]<\/p>\n","protected":false},"author":4,"featured_media":0,"comment_status":"open","ping_status":"open","sticky":false,"template":"","format":"standard","meta":{"_acf_changed":false,"footnotes":""},"categories":[596],"tags":[613,600,614,616,615,617,618,619,620],"class_list":["post-4982","post","type-post","status-publish","format-standard","hentry","category-tudo-sobre-o-aluguer-de-veiculos","tag-aluguer-de-longo-prazo-de-veiculos-industriais","tag-aluguer-flexivel-de-veiculos-industriais","tag-cobertura-de-avarias","tag-cracha-ambiental","tag-dicas-para-aluguer-de-veiculos-industriais","tag-rotulo-de-cracha-ambiental","tag-seguro-contra-todos-os-riscos","tag-tarefa-de-veiculo-industrial","tag-transtel-pt-pt"],"acf":[],"yoast_head":"<!-- This site is optimized with the Yoast SEO plugin v26.9 - https:\/\/yoast.com\/product\/yoast-seo-wordpress\/ -->\n<title>Conselhos e sugest\u00f5es antes de alugar um ve\u00edculo industrial - Transtel<\/title>\n<meta name=\"robots\" content=\"index, follow, max-snippet:-1, max-image-preview:large, max-video-preview:-1\" \/>\n<link rel=\"canonical\" href=\"https:\/\/transtelsa.com\/pt-pt\/blog\/conselhos-e-sugestoes-antes-de-alugar-um-veiculo-industrial-2\/\" \/>\n<meta property=\"og:locale\" content=\"pt_PT\" \/>\n<meta property=\"og:type\" content=\"article\" \/>\n<meta property=\"og:title\" content=\"Conselhos e sugest\u00f5es antes de alugar um ve\u00edculo industrial - Transtel\" \/>\n<meta property=\"og:description\" content=\"Quando uma empresa est\u00e1 a considerar a necessidade de alugar um ve\u00edculo comercial, \u00e9 essencial tomar decis\u00f5es informadas e considerar uma s\u00e9rie de factores-chave para garantir que a escolha \u00e9 a correcta para as suas necessidades espec\u00edficas. &nbsp; Nesta publica\u00e7\u00e3o, vamos dar-lhe uma s\u00e9rie de dicas e sugest\u00f5es importantes a considerar antes de alugar o [&hellip;]\" \/>\n<meta property=\"og:url\" content=\"https:\/\/transtelsa.com\/pt-pt\/blog\/conselhos-e-sugestoes-antes-de-alugar-um-veiculo-industrial-2\/\" \/>\n<meta property=\"og:site_name\" content=\"Transtel\" \/>\n<meta property=\"article:publisher\" content=\"https:\/\/www.facebook.com\/transtelsa\" \/>\n<meta property=\"article:published_time\" content=\"2023-12-07T11:09:44+00:00\" \/>\n<meta property=\"article:modified_time\" content=\"2024-09-26T10:25:16+00:00\" \/>\n<meta property=\"og:image\" content=\"https:\/\/transtelsa.com\/wp-content\/uploads\/2023\/12\/Transtel-Bilbao.jpg\" \/>\n\t<meta property=\"og:image:width\" content=\"1207\" \/>\n\t<meta property=\"og:image:height\" content=\"656\" \/>\n\t<meta property=\"og:image:type\" content=\"image\/jpeg\" \/>\n<meta name=\"author\" content=\"TranstelsaPT\" \/>\n<meta name=\"twitter:card\" content=\"summary_large_image\" \/>\n<meta name=\"twitter:creator\" content=\"@PISTO\" \/>\n<meta name=\"twitter:label1\" content=\"Escrito por\" \/>\n\t<meta name=\"twitter:data1\" content=\"TranstelsaPT\" \/>\n\t<meta name=\"twitter:label2\" content=\"Tempo estimado de leitura\" \/>\n\t<meta name=\"twitter:data2\" content=\"5 minutos\" \/>\n<script type=\"application\/ld+json\" class=\"yoast-schema-graph\">{\"@context\":\"https:\/\/schema.org\",\"@graph\":[{\"@type\":\"Article\",\"@id\":\"https:\/\/transtelsa.com\/pt-pt\/blog\/conselhos-e-sugestoes-antes-de-alugar-um-veiculo-industrial-2\/#article\",\"isPartOf\":{\"@id\":\"https:\/\/transtelsa.com\/pt-pt\/blog\/conselhos-e-sugestoes-antes-de-alugar-um-veiculo-industrial-2\/\"},\"author\":{\"name\":\"TranstelsaPT\",\"@id\":\"https:\/\/transtelsa.com\/#\/schema\/person\/6c0046a8957598287c3921e1247cd567\"},\"headline\":\"Conselhos e sugest\u00f5es antes de alugar um ve\u00edculo industrial\",\"datePublished\":\"2023-12-07T11:09:44+00:00\",\"dateModified\":\"2024-09-26T10:25:16+00:00\",\"mainEntityOfPage\":{\"@id\":\"https:\/\/transtelsa.com\/pt-pt\/blog\/conselhos-e-sugestoes-antes-de-alugar-um-veiculo-industrial-2\/\"},\"wordCount\":850,\"commentCount\":0,\"publisher\":{\"@id\":\"https:\/\/transtelsa.com\/#organization\"},\"keywords\":[\"aluguer de longo prazo de ve\u00edculos industriais\",\"aluguer flex\u00edvel de ve\u00edculos industriais\",\"cobertura de avarias\",\"crach\u00e1 ambiental\",\"dicas para aluguer de ve\u00edculos industriais\",\"r\u00f3tulo de crach\u00e1 ambiental\",\"seguro contra todos os riscos\",\"tarefa de ve\u00edculo industrial\",\"transtel\"],\"articleSection\":[\"Tudo sobre o aluguer de ve\u00edculos\"],\"inLanguage\":\"pt-PT\",\"potentialAction\":[{\"@type\":\"CommentAction\",\"name\":\"Comment\",\"target\":[\"https:\/\/transtelsa.com\/pt-pt\/blog\/conselhos-e-sugestoes-antes-de-alugar-um-veiculo-industrial-2\/#respond\"]}]},{\"@type\":\"WebPage\",\"@id\":\"https:\/\/transtelsa.com\/pt-pt\/blog\/conselhos-e-sugestoes-antes-de-alugar-um-veiculo-industrial-2\/\",\"url\":\"https:\/\/transtelsa.com\/pt-pt\/blog\/conselhos-e-sugestoes-antes-de-alugar-um-veiculo-industrial-2\/\",\"name\":\"Conselhos e sugest\u00f5es antes de alugar um ve\u00edculo industrial - Transtel\",\"isPartOf\":{\"@id\":\"https:\/\/transtelsa.com\/#website\"},\"datePublished\":\"2023-12-07T11:09:44+00:00\",\"dateModified\":\"2024-09-26T10:25:16+00:00\",\"inLanguage\":\"pt-PT\",\"potentialAction\":[{\"@type\":\"ReadAction\",\"target\":[\"https:\/\/transtelsa.com\/pt-pt\/blog\/conselhos-e-sugestoes-antes-de-alugar-um-veiculo-industrial-2\/\"]}]},{\"@type\":\"WebSite\",\"@id\":\"https:\/\/transtelsa.com\/#website\",\"url\":\"https:\/\/transtelsa.com\/\",\"name\":\"Transtel SA\",\"description\":\"\u27a1\ufe0f Aluguel e Loca\u00e7\u00e3o de Ve\u00edculos Industriais | Transtel SA\",\"publisher\":{\"@id\":\"https:\/\/transtelsa.com\/#organization\"},\"potentialAction\":[{\"@type\":\"SearchAction\",\"target\":{\"@type\":\"EntryPoint\",\"urlTemplate\":\"https:\/\/transtelsa.com\/?s={search_term_string}\"},\"query-input\":{\"@type\":\"PropertyValueSpecification\",\"valueRequired\":true,\"valueName\":\"search_term_string\"}}],\"inLanguage\":\"pt-PT\"},{\"@type\":\"Organization\",\"@id\":\"https:\/\/transtelsa.com\/#organization\",\"name\":\"Transtel SA\",\"url\":\"https:\/\/transtelsa.com\/\",\"logo\":{\"@type\":\"ImageObject\",\"inLanguage\":\"pt-PT\",\"@id\":\"https:\/\/transtelsa.com\/#\/schema\/logo\/image\/\",\"url\":\"https:\/\/transtelsa.com\/wp-content\/uploads\/2023\/03\/cropped-transtelfavicon.png\",\"contentUrl\":\"https:\/\/transtelsa.com\/wp-content\/uploads\/2023\/03\/cropped-transtelfavicon.png\",\"width\":512,\"height\":512,\"caption\":\"Transtel SA\"},\"image\":{\"@id\":\"https:\/\/transtelsa.com\/#\/schema\/logo\/image\/\"},\"sameAs\":[\"https:\/\/www.facebook.com\/transtelsa\",\"https:\/\/www.instagram.com\/transtelsa\/\",\"https:\/\/www.linkedin.com\/company\/transtel-sa\/\",\"https:\/\/www.youtube.com\/@transtelsa\"]},{\"@type\":\"Person\",\"@id\":\"https:\/\/transtelsa.com\/#\/schema\/person\/6c0046a8957598287c3921e1247cd567\",\"name\":\"TranstelsaPT\",\"image\":{\"@type\":\"ImageObject\",\"inLanguage\":\"pt-PT\",\"@id\":\"https:\/\/transtelsa.com\/#\/schema\/person\/image\/\",\"url\":\"https:\/\/secure.gravatar.com\/avatar\/e317d26bea46da66a6fe556b3fc0c9835105b999f4aa98f4493564ef375e29b5?s=96&d=mm&r=g\",\"contentUrl\":\"https:\/\/secure.gravatar.com\/avatar\/e317d26bea46da66a6fe556b3fc0c9835105b999f4aa98f4493564ef375e29b5?s=96&d=mm&r=g\",\"caption\":\"TranstelsaPT\"},\"sameAs\":[\"https:\/\/x.com\/PISTO\"],\"url\":\"https:\/\/transtelsa.com\/pt-pt\/blog\/author\/transtelsapt\/\"}]}<\/script>\n<!-- \/ Yoast SEO plugin. -->","yoast_head_json":{"title":"Conselhos e sugest\u00f5es antes de alugar um ve\u00edculo industrial - Transtel","robots":{"index":"index","follow":"follow","max-snippet":"max-snippet:-1","max-image-preview":"max-image-preview:large","max-video-preview":"max-video-preview:-1"},"canonical":"https:\/\/transtelsa.com\/pt-pt\/blog\/conselhos-e-sugestoes-antes-de-alugar-um-veiculo-industrial-2\/","og_locale":"pt_PT","og_type":"article","og_title":"Conselhos e sugest\u00f5es antes de alugar um ve\u00edculo industrial - Transtel","og_description":"Quando uma empresa est\u00e1 a considerar a necessidade de alugar um ve\u00edculo comercial, \u00e9 essencial tomar decis\u00f5es informadas e considerar uma s\u00e9rie de factores-chave para garantir que a escolha \u00e9 a correcta para as suas necessidades espec\u00edficas. &nbsp; Nesta publica\u00e7\u00e3o, vamos dar-lhe uma s\u00e9rie de dicas e sugest\u00f5es importantes a considerar antes de alugar o [&hellip;]","og_url":"https:\/\/transtelsa.com\/pt-pt\/blog\/conselhos-e-sugestoes-antes-de-alugar-um-veiculo-industrial-2\/","og_site_name":"Transtel","article_publisher":"https:\/\/www.facebook.com\/transtelsa","article_published_time":"2023-12-07T11:09:44+00:00","article_modified_time":"2024-09-26T10:25:16+00:00","og_image":[{"width":1207,"height":656,"url":"https:\/\/transtelsa.com\/wp-content\/uploads\/2023\/12\/Transtel-Bilbao.jpg","type":"image\/jpeg"}],"author":"TranstelsaPT","twitter_card":"summary_large_image","twitter_creator":"@PISTO","twitter_misc":{"Escrito por":"TranstelsaPT","Tempo estimado de leitura":"5 minutos"},"schema":{"@context":"https:\/\/schema.org","@graph":[{"@type":"Article","@id":"https:\/\/transtelsa.com\/pt-pt\/blog\/conselhos-e-sugestoes-antes-de-alugar-um-veiculo-industrial-2\/#article","isPartOf":{"@id":"https:\/\/transtelsa.com\/pt-pt\/blog\/conselhos-e-sugestoes-antes-de-alugar-um-veiculo-industrial-2\/"},"author":{"name":"TranstelsaPT","@id":"https:\/\/transtelsa.com\/#\/schema\/person\/6c0046a8957598287c3921e1247cd567"},"headline":"Conselhos e sugest\u00f5es antes de alugar um ve\u00edculo industrial","datePublished":"2023-12-07T11:09:44+00:00","dateModified":"2024-09-26T10:25:16+00:00","mainEntityOfPage":{"@id":"https:\/\/transtelsa.com\/pt-pt\/blog\/conselhos-e-sugestoes-antes-de-alugar-um-veiculo-industrial-2\/"},"wordCount":850,"commentCount":0,"publisher":{"@id":"https:\/\/transtelsa.com\/#organization"},"keywords":["aluguer de longo prazo de ve\u00edculos industriais","aluguer flex\u00edvel de ve\u00edculos industriais","cobertura de avarias","crach\u00e1 ambiental","dicas para aluguer de ve\u00edculos industriais","r\u00f3tulo de crach\u00e1 ambiental","seguro contra todos os riscos","tarefa de ve\u00edculo industrial","transtel"],"articleSection":["Tudo sobre o aluguer de ve\u00edculos"],"inLanguage":"pt-PT","potentialAction":[{"@type":"CommentAction","name":"Comment","target":["https:\/\/transtelsa.com\/pt-pt\/blog\/conselhos-e-sugestoes-antes-de-alugar-um-veiculo-industrial-2\/#respond"]}]},{"@type":"WebPage","@id":"https:\/\/transtelsa.com\/pt-pt\/blog\/conselhos-e-sugestoes-antes-de-alugar-um-veiculo-industrial-2\/","url":"https:\/\/transtelsa.com\/pt-pt\/blog\/conselhos-e-sugestoes-antes-de-alugar-um-veiculo-industrial-2\/","name":"Conselhos e sugest\u00f5es antes de alugar um ve\u00edculo industrial - Transtel","isPartOf":{"@id":"https:\/\/transtelsa.com\/#website"},"datePublished":"2023-12-07T11:09:44+00:00","dateModified":"2024-09-26T10:25:16+00:00","inLanguage":"pt-PT","potentialAction":[{"@type":"ReadAction","target":["https:\/\/transtelsa.com\/pt-pt\/blog\/conselhos-e-sugestoes-antes-de-alugar-um-veiculo-industrial-2\/"]}]},{"@type":"WebSite","@id":"https:\/\/transtelsa.com\/#website","url":"https:\/\/transtelsa.com\/","name":"Transtel SA","description":"\u27a1\ufe0f Aluguel e Loca\u00e7\u00e3o de Ve\u00edculos Industriais | Transtel SA","publisher":{"@id":"https:\/\/transtelsa.com\/#organization"},"potentialAction":[{"@type":"SearchAction","target":{"@type":"EntryPoint","urlTemplate":"https:\/\/transtelsa.com\/?s={search_term_string}"},"query-input":{"@type":"PropertyValueSpecification","valueRequired":true,"valueName":"search_term_string"}}],"inLanguage":"pt-PT"},{"@type":"Organization","@id":"https:\/\/transtelsa.com\/#organization","name":"Transtel SA","url":"https:\/\/transtelsa.com\/","logo":{"@type":"ImageObject","inLanguage":"pt-PT","@id":"https:\/\/transtelsa.com\/#\/schema\/logo\/image\/","url":"https:\/\/transtelsa.com\/wp-content\/uploads\/2023\/03\/cropped-transtelfavicon.png","contentUrl":"https:\/\/transtelsa.com\/wp-content\/uploads\/2023\/03\/cropped-transtelfavicon.png","width":512,"height":512,"caption":"Transtel SA"},"image":{"@id":"https:\/\/transtelsa.com\/#\/schema\/logo\/image\/"},"sameAs":["https:\/\/www.facebook.com\/transtelsa","https:\/\/www.instagram.com\/transtelsa\/","https:\/\/www.linkedin.com\/company\/transtel-sa\/","https:\/\/www.youtube.com\/@transtelsa"]},{"@type":"Person","@id":"https:\/\/transtelsa.com\/#\/schema\/person\/6c0046a8957598287c3921e1247cd567","name":"TranstelsaPT","image":{"@type":"ImageObject","inLanguage":"pt-PT","@id":"https:\/\/transtelsa.com\/#\/schema\/person\/image\/","url":"https:\/\/secure.gravatar.com\/avatar\/e317d26bea46da66a6fe556b3fc0c9835105b999f4aa98f4493564ef375e29b5?s=96&d=mm&r=g","contentUrl":"https:\/\/secure.gravatar.com\/avatar\/e317d26bea46da66a6fe556b3fc0c9835105b999f4aa98f4493564ef375e29b5?s=96&d=mm&r=g","caption":"TranstelsaPT"},"sameAs":["https:\/\/x.com\/PISTO"],"url":"https:\/\/transtelsa.com\/pt-pt\/blog\/author\/transtelsapt\/"}]}},"_links":{"self":[{"href":"https:\/\/transtelsa.com\/pt-pt\/wp-json\/wp\/v2\/posts\/4982","targetHints":{"allow":["GET"]}}],"collection":[{"href":"https:\/\/transtelsa.com\/pt-pt\/wp-json\/wp\/v2\/posts"}],"about":[{"href":"https:\/\/transtelsa.com\/pt-pt\/wp-json\/wp\/v2\/types\/post"}],"author":[{"embeddable":true,"href":"https:\/\/transtelsa.com\/pt-pt\/wp-json\/wp\/v2\/users\/4"}],"replies":[{"embeddable":true,"href":"https:\/\/transtelsa.com\/pt-pt\/wp-json\/wp\/v2\/comments?post=4982"}],"version-history":[{"count":2,"href":"https:\/\/transtelsa.com\/pt-pt\/wp-json\/wp\/v2\/posts\/4982\/revisions"}],"predecessor-version":[{"id":5591,"href":"https:\/\/transtelsa.com\/pt-pt\/wp-json\/wp\/v2\/posts\/4982\/revisions\/5591"}],"wp:attachment":[{"href":"https:\/\/transtelsa.com\/pt-pt\/wp-json\/wp\/v2\/media?parent=4982"}],"wp:term":[{"taxonomy":"category","embeddable":true,"href":"https:\/\/transtelsa.com\/pt-pt\/wp-json\/wp\/v2\/categories?post=4982"},{"taxonomy":"post_tag","embeddable":true,"href":"https:\/\/transtelsa.com\/pt-pt\/wp-json\/wp\/v2\/tags?post=4982"}],"curies":[{"name":"wp","href":"https:\/\/api.w.org\/{rel}","templated":true}]}}