{"id":4577,"date":"2024-05-23T11:41:51","date_gmt":"2024-05-23T11:41:51","guid":{"rendered":"https:\/\/transtelsa.com\/?p=4577"},"modified":"2024-09-26T10:22:02","modified_gmt":"2024-09-26T10:22:02","slug":"conselhos-e-sugestoes-antes-de-alugar-um-veiculo-industrial","status":"publish","type":"post","link":"https:\/\/transtelsa.com\/pt-pt\/blog\/conselhos-e-sugestoes-antes-de-alugar-um-veiculo-industrial\/","title":{"rendered":"Conselhos e sugest\u00f5es antes de alugar um ve\u00edculo industrial"},"content":{"rendered":"<div class=\"wpb-content-wrapper\"><p>[vc_row][vc_column][gsf_heading layout_style=&#8221;style-02&#8243; title_color=&#8221;#333333&#8243; title_font_size=&#8221;34&#8243; text_align=&#8221;text-left&#8221; el_class=&#8221;&#8221; title=&#8221;Conselhos e sugest\u00f5es antes de alugar um ve\u00edculo industrial&#8221;][vc_column_text el_class=&#8221;&#8221;]<strong>7 de dezembro de 2023<\/strong>[\/vc_column_text][gsf_space desktop=&#8221;20&#8243; tablet=&#8221;70&#8243; tablet_portrait=&#8221;60&#8243; mobile_landscape=&#8221;50&#8243; mobile=&#8221;40&#8243;][vc_column_text el_class=&#8221;&#8221;]Quando uma empresa est\u00e1 a considerar a necessidade de alugar um ve\u00edculo comercial, \u00e9 essencial<br \/>\ntomar decis\u00f5es informadas e considerar uma s\u00e9rie de factores-chave para garantir que a escolha \u00e9 a<br \/>\ncorrecta para as suas necessidades espec\u00edficas.<\/p>\n<p>Nesta publica\u00e7\u00e3o, vamos dar-lhe uma s\u00e9rie de dicas e sugest\u00f5es importantes a considerar antes de<br \/>\nalugar o seu ve\u00edculo comercial. Na TransTel, uma empresa l\u00edder no aluguer de ve\u00edculos comerciais,<br \/>\nestamos empenhados em fornecer os melhores conselhos e op\u00e7\u00f5es aos nossos clientes. Continue a ler<br \/>\npara descobrir todos os detalhes![\/vc_column_text][gsf_space desktop=&#8221;20&#8243; tablet=&#8221;70&#8243; tablet_portrait=&#8221;60&#8243; mobile_landscape=&#8221;50&#8243; mobile=&#8221;40&#8243;][gsf_heading layout_style=&#8221;style-02&#8243; title_color=&#8221;#333333&#8243; title_font_size=&#8221;34&#8243; text_align=&#8221;text-left&#8221; el_class=&#8221;&#8221; title=&#8221;O que deve ser considerado antes de alugar um ve\u00edculo comercial?&#8221;][vc_column_text el_class=&#8221;&#8221;]Antes de dar o passo de alugar um ve\u00edculo comercial, \u00e9 essencial analisar diferentes aspectos que o<br \/>\najudar\u00e3o a tomar a decis\u00e3o certa. Eis alguns factores-chave a considerar:[\/vc_column_text][gsf_space desktop=&#8221;15&#8243; tablet=&#8221;70&#8243; tablet_portrait=&#8221;60&#8243; mobile_landscape=&#8221;50&#8243; mobile=&#8221;40&#8243;][gsf_heading layout_style=&#8221;style-02&#8243; title_color=&#8221;#333333&#8243; title_font_size=&#8221;34&#8243; text_align=&#8221;text-left&#8221; el_class=&#8221;&#8221; title=&#8221;Tarefa para a qual o ve\u00edculo comercial vai ser utilizado.&#8221;][vc_column_text el_class=&#8221;&#8221;]Um dos primeiros passos \u00e9 definir claramente a finalidade do ve\u00edculo comercial &#8211; ser\u00e1 utilizado para<br \/>\ntransporte de mercadorias, entregas, constru\u00e7\u00e3o, manuten\u00e7\u00e3o de estradas, servi\u00e7os urbanos,<br \/>\nmanuten\u00e7\u00e3o el\u00e9ctrica ou outra tarefa espec\u00edfica? Esta defini\u00e7\u00e3o ajudar\u00e1 a determinar o tipo de ve\u00edculo<br \/>\ne as suas caracter\u00edsticas necess\u00e1rias.[\/vc_column_text][gsf_space desktop=&#8221;20&#8243; tablet=&#8221;70&#8243; tablet_portrait=&#8221;60&#8243; mobile_landscape=&#8221;50&#8243; mobile=&#8221;40&#8243;][gsf_heading layout_style=&#8221;style-02&#8243; title_color=&#8221;#333333&#8243; title_font_size=&#8221;34&#8243; text_align=&#8221;text-left&#8221; el_class=&#8221;&#8221; title=&#8221;R\u00f3tulo ambiental distintivo que voc\u00ea precisa&#8221;][vc_column_text el_class=&#8221;&#8221;]Num mundo cada vez mais preocupado com a sustentabilidade, \u00e9 essencial considerar o selo<br \/>\nambiental distintivo necess\u00e1rio para operar em determinadas \u00e1reas ou cumprir regulamentos<br \/>\nespec\u00edficos. Algumas cidades possuem restri\u00e7\u00f5es de acesso com base nessas etiquetas, por isso \u00e9<br \/>\nimportante selecionar um ve\u00edculo que atenda aos requisitos ambientais necess\u00e1rios.[\/vc_column_text][gsf_space desktop=&#8221;20&#8243; tablet=&#8221;70&#8243; tablet_portrait=&#8221;60&#8243; mobile_landscape=&#8221;50&#8243; mobile=&#8221;40&#8243;][gsf_heading layout_style=&#8221;style-02&#8243; title_color=&#8221;#333333&#8243; title_font_size=&#8221;34&#8243; text_align=&#8221;text-left&#8221; el_class=&#8221;&#8221; title=&#8221;Seguro abrangente&#8221;][vc_column_text el_class=&#8221;&#8221;]I am text block. Click edit button to change this text. Lorem ipsum dolor sit amet, consectetur adipiscing elit. Ut elit tellus, luctus nec ullamcorper mattis, pulvinar dapibus leo.<\/p>\n<p>O seguro \u00e9 um aspecto crucial no aluguer de um ve\u00edculo comercial. Certifique-se de que o ve\u00edculo<br \/>\npossui um seguro abrangente para proteg\u00ea-lo em caso de acidentes ou danos. Na TransTel, nossos<br \/>\nve\u00edculos contam com seguros abrangentes para lhe proporcionar tranquilidade e seguran\u00e7a em suas<br \/>\nopera\u00e7\u00f5es.[\/vc_column_text][gsf_space desktop=&#8221;15&#8243; tablet=&#8221;70&#8243; tablet_portrait=&#8221;60&#8243; mobile_landscape=&#8221;50&#8243; mobile=&#8221;40&#8243;][gsf_heading layout_style=&#8221;style-02&#8243; title_color=&#8221;#333333&#8243; title_font_size=&#8221;34&#8243; text_align=&#8221;text-left&#8221; el_class=&#8221;&#8221; title=&#8221;Cobertura de avarias&#8221;][vc_column_text el_class=&#8221;&#8221;]Ningu\u00e9m est\u00e1 isento de sofrer uma avaria num ve\u00edculo, por isso \u00e9 importante conhecer a cobertura<br \/>\ncontra avarias oferecida pelo servi\u00e7o de aluguer.<\/p>\n<p>Na TransTel contamos com uma extensa rede de oficinas pr\u00f3prias e externas em toda a Espanha e em<br \/>\nPortugal para prestar assist\u00eancia imediata em caso de avarias. Al\u00e9m disso, disponibilizamos ve\u00edculos de<br \/>\nreposi\u00e7\u00e3o com caracter\u00edsticas semelhantes para minimizar interrup\u00e7\u00f5es no seu trabalho.[\/vc_column_text][gsf_space desktop=&#8221;15&#8243; tablet=&#8221;70&#8243; tablet_portrait=&#8221;60&#8243; mobile_landscape=&#8221;50&#8243; mobile=&#8221;40&#8243;][gsf_heading layout_style=&#8221;style-02&#8243; title_color=&#8221;#333333&#8243; title_font_size=&#8221;34&#8243; text_align=&#8221;text-left&#8221; el_class=&#8221;&#8221; title=&#8221;Prazos de contrata\u00e7\u00e3o e quilometragem&#8221;][vc_column_text el_class=&#8221;&#8221;]Prazos de contrata\u00e7\u00e3o e quilometragem s\u00e3o aspectos cruciais a serem considerados. Voc\u00ea precisa do<br \/>\nve\u00edculo por um per\u00edodo curto ou longo prazo? Qual \u00e9 o limite de quilometragem adequado \u00e0s suas<br \/>\nnecessidades? Na TransTel, temos o compromisso de fornecer todas as facilidades necess\u00e1rias para<br \/>\nque voc\u00ea possa adaptar o aluguer \u00e0s suas necessidades espec\u00edficas.[\/vc_column_text][gsf_space desktop=&#8221;20&#8243; tablet=&#8221;70&#8243; tablet_portrait=&#8221;60&#8243; mobile_landscape=&#8221;50&#8243; mobile=&#8221;40&#8243;][gsf_heading layout_style=&#8221;style-02&#8243; title_color=&#8221;#333333&#8243; title_font_size=&#8221;34&#8243; text_align=&#8221;text-left&#8221; el_class=&#8221;&#8221; title=&#8221;Mais sobre aluguer de ve\u00edculos comerciais da TransTel&#8221;][vc_column_text el_class=&#8221;&#8221;]Na TransTel entendemos a import\u00e2ncia de ter ve\u00edculos industriais confi\u00e1veis e adaptados \u00e0s<br \/>\nnecessidades da sua empresa. A nossa frota de ve\u00edculos industriais foi projetada para oferecer solu\u00e7\u00f5es<br \/>\neficientes e seguras para uma ampla gama de ind\u00fastrias e aplica\u00e7\u00f5es.<\/p>\n<p>Trabalhamos em estreita colabora\u00e7\u00e3o com nossos clientes para garantir que eles encontrem a op\u00e7\u00e3o<br \/>\nde aluguer de ve\u00edculos comerciais que melhor atenda \u00e0s suas necessidades e or\u00e7amento. Se precisa de<br \/>\num cami\u00e3o de carga, Carrinha de entrega, cami\u00e3o de lixo, cami\u00e3o basculante, cami\u00e3o guindaste,<br \/>\nplataforma a\u00e9rea ou ve\u00edculo especializado, estamos aqui para ajudar.<\/p>\n<p>Se quiser saber mais sobre o aluguer de ve\u00edculos comerciais para empresas que oferecemos na<br \/>\nTransTel, j\u00e1 fal\u00e1mos sobre isso no nosso blog. Entre para saber mais.<\/p>\n<p>Alugar um ve\u00edculo comercial \u00e9 uma decis\u00e3o importante que pode ter um impacto significativo na<br \/>\nefici\u00eancia e no sucesso do seu neg\u00f3cio. Antes de tomar essa decis\u00e3o, \u00e9 fundamental considerar<br \/>\ncuidadosamente os fatores mencionados acima e procurar uma locadora de confian\u00e7a como a<br \/>\nTransTel, que oferece op\u00e7\u00f5es flex\u00edveis e servi\u00e7os excepcionais.<\/p>\n<p>Na TransTel temos um amplo stock de ve\u00edculos industriais que lhe podemos entregar de imediato,<br \/>\nunidades de pr\u00e9-entrega para aluguer de longa dura\u00e7\u00e3o e unidades de substitui\u00e7\u00e3o para avarias de<br \/>\nlonga dura\u00e7\u00e3o, para que possa cobrir as necessidades urgentes da sua empresa. Temos uma rede de<br \/>\noficinas externas em toda a Pen\u00ednsula Ib\u00e9rica, Ilhas Can\u00e1rias e Ilhas Baleares e oficinas pr\u00f3prias<br \/>\nTransTel em Val\u00eancia, Madrid, Barcelona, Bilbau, M\u00e1laga, Sevilha e Lisboa.<\/p>\n<p>Dispomos de uma equipa de motoristas que entregar\u00e1 o ve\u00edculo chave na m\u00e3o onde quiser, em<br \/>\nEspanha, incluindo Ilhas Can\u00e1rias e Baleares, e em Portugal.<\/p>\n<p>Na TransTel S somos refer\u00eancia no aluguer e leasing de ve\u00edculos industriais h\u00e1 mais de 50 anos.<br \/>\nConseguimos liderar o setor gra\u00e7as \u00e0 qualidade, ao envolvimento total de toda a equipa e \u00e0 melhoria<br \/>\npermanente. Caso tenha interesse em obter mais informa\u00e7\u00f5es ou solicitar nossos servi\u00e7os, entre em<br \/>\ncontato conosco.<\/p>\n<p>Por: Transtel<\/p>\n<p>Etiquetas: aluguer de longo prazo de ve\u00edculos industriais,cobertura de avarias,dicas para aluguer de<br \/>\nve\u00edculos industriais,crach\u00e1 ambiental, r\u00f3tulo de crach\u00e1 ambiental,aluguer flex\u00edvel de ve\u00edculos<br \/>\nindustriais,seguro contra todos os riscos,tarefa de ve\u00edculo industrial,Transtel[\/vc_column_text][\/vc_column][\/vc_row]<\/p>\n<\/div>","protected":false},"excerpt":{"rendered":"<p>[vc_row][vc_column][gsf_heading layout_style=&#8221;style-02&#8243; title_color=&#8221;#333333&#8243; title_font_size=&#8221;34&#8243; text_align=&#8221;text-left&#8221; el_class=&#8221;&#8221; title=&#8221;Conselhos e sugest\u00f5es antes de alugar um ve\u00edculo industrial&#8221;][vc_column_text el_class=&#8221;&#8221;]7 de dezembro de 2023[\/vc_column_text][gsf_space desktop=&#8221;20&#8243; tablet=&#8221;70&#8243; tablet_portrait=&#8221;60&#8243; mobile_landscape=&#8221;50&#8243; mobile=&#8221;40&#8243;][vc_column_text el_class=&#8221;&#8221;]Quando uma empresa est\u00e1 a considerar a necessidade de alugar um ve\u00edculo comercial, \u00e9 essencial tomar decis\u00f5es informadas e considerar uma s\u00e9rie de factores-chave para garantir que a escolha \u00e9 [&hellip;]<\/p>\n","protected":false},"author":4,"featured_media":0,"comment_status":"open","ping_status":"open","sticky":false,"template":"","format":"standard","meta":{"_acf_changed":false,"footnotes":""},"categories":[102],"tags":[],"class_list":["post-4577","post","type-post","status-publish","format-standard","hentry","category-sem-categoria"],"acf":[],"yoast_head":"<!-- This site is optimized with the Yoast SEO plugin v26.9 - https:\/\/yoast.com\/product\/yoast-seo-wordpress\/ -->\n<title>Conselhos e sugest\u00f5es antes de alugar um ve\u00edculo industrial - Transtel<\/title>\n<meta name=\"robots\" content=\"index, follow, max-snippet:-1, max-image-preview:large, max-video-preview:-1\" \/>\n<link rel=\"canonical\" href=\"https:\/\/transtelsa.com\/pt-pt\/blog\/conselhos-e-sugestoes-antes-de-alugar-um-veiculo-industrial\/\" \/>\n<meta property=\"og:locale\" content=\"pt_PT\" \/>\n<meta property=\"og:type\" content=\"article\" \/>\n<meta property=\"og:title\" content=\"Conselhos e sugest\u00f5es antes de alugar um ve\u00edculo industrial - Transtel\" \/>\n<meta property=\"og:description\" content=\"[vc_row][vc_column][gsf_heading layout_style=&#8221;style-02&#8243; title_color=&#8221;#333333&#8243; title_font_size=&#8221;34&#8243; text_align=&#8221;text-left&#8221; el_class=&#8221;&#8221; title=&#8221;Conselhos e sugest\u00f5es antes de alugar um ve\u00edculo industrial&#8221;][vc_column_text el_class=&#8221;&#8221;]7 de dezembro de 2023[\/vc_column_text][gsf_space desktop=&#8221;20&#8243; tablet=&#8221;70&#8243; tablet_portrait=&#8221;60&#8243; mobile_landscape=&#8221;50&#8243; mobile=&#8221;40&#8243;][vc_column_text el_class=&#8221;&#8221;]Quando uma empresa est\u00e1 a considerar a necessidade de alugar um ve\u00edculo comercial, \u00e9 essencial tomar decis\u00f5es informadas e considerar uma s\u00e9rie de factores-chave para garantir que a escolha \u00e9 [&hellip;]\" \/>\n<meta property=\"og:url\" content=\"https:\/\/transtelsa.com\/pt-pt\/blog\/conselhos-e-sugestoes-antes-de-alugar-um-veiculo-industrial\/\" \/>\n<meta property=\"og:site_name\" content=\"Transtel\" \/>\n<meta property=\"article:publisher\" content=\"https:\/\/www.facebook.com\/transtelsa\" \/>\n<meta property=\"article:published_time\" content=\"2024-05-23T11:41:51+00:00\" \/>\n<meta property=\"article:modified_time\" content=\"2024-09-26T10:22:02+00:00\" \/>\n<meta property=\"og:image\" content=\"https:\/\/transtelsa.com\/wp-content\/uploads\/2024\/05\/sede-transtel-bilbao-1.jpg\" \/>\n\t<meta property=\"og:image:width\" content=\"680\" \/>\n\t<meta property=\"og:image:height\" content=\"510\" \/>\n\t<meta property=\"og:image:type\" content=\"image\/jpeg\" \/>\n<meta name=\"author\" content=\"TranstelsaPT\" \/>\n<meta name=\"twitter:card\" content=\"summary_large_image\" \/>\n<meta name=\"twitter:creator\" content=\"@PISTO\" \/>\n<meta name=\"twitter:label1\" content=\"Escrito por\" \/>\n\t<meta name=\"twitter:data1\" content=\"TranstelsaPT\" \/>\n\t<meta name=\"twitter:label2\" content=\"Tempo estimado de leitura\" \/>\n\t<meta name=\"twitter:data2\" content=\"6 minutos\" \/>\n<script type=\"application\/ld+json\" class=\"yoast-schema-graph\">{\"@context\":\"https:\/\/schema.org\",\"@graph\":[{\"@type\":\"Article\",\"@id\":\"https:\/\/transtelsa.com\/pt-pt\/blog\/conselhos-e-sugestoes-antes-de-alugar-um-veiculo-industrial\/#article\",\"isPartOf\":{\"@id\":\"https:\/\/transtelsa.com\/pt-pt\/blog\/conselhos-e-sugestoes-antes-de-alugar-um-veiculo-industrial\/\"},\"author\":{\"name\":\"TranstelsaPT\",\"@id\":\"https:\/\/transtelsa.com\/#\/schema\/person\/6c0046a8957598287c3921e1247cd567\"},\"headline\":\"Conselhos e sugest\u00f5es antes de alugar um ve\u00edculo industrial\",\"datePublished\":\"2024-05-23T11:41:51+00:00\",\"dateModified\":\"2024-09-26T10:22:02+00:00\",\"mainEntityOfPage\":{\"@id\":\"https:\/\/transtelsa.com\/pt-pt\/blog\/conselhos-e-sugestoes-antes-de-alugar-um-veiculo-industrial\/\"},\"wordCount\":1206,\"commentCount\":0,\"publisher\":{\"@id\":\"https:\/\/transtelsa.com\/#organization\"},\"inLanguage\":\"pt-PT\",\"potentialAction\":[{\"@type\":\"CommentAction\",\"name\":\"Comment\",\"target\":[\"https:\/\/transtelsa.com\/pt-pt\/blog\/conselhos-e-sugestoes-antes-de-alugar-um-veiculo-industrial\/#respond\"]}]},{\"@type\":\"WebPage\",\"@id\":\"https:\/\/transtelsa.com\/pt-pt\/blog\/conselhos-e-sugestoes-antes-de-alugar-um-veiculo-industrial\/\",\"url\":\"https:\/\/transtelsa.com\/pt-pt\/blog\/conselhos-e-sugestoes-antes-de-alugar-um-veiculo-industrial\/\",\"name\":\"Conselhos e sugest\u00f5es antes de alugar um ve\u00edculo industrial - Transtel\",\"isPartOf\":{\"@id\":\"https:\/\/transtelsa.com\/#website\"},\"datePublished\":\"2024-05-23T11:41:51+00:00\",\"dateModified\":\"2024-09-26T10:22:02+00:00\",\"inLanguage\":\"pt-PT\",\"potentialAction\":[{\"@type\":\"ReadAction\",\"target\":[\"https:\/\/transtelsa.com\/pt-pt\/blog\/conselhos-e-sugestoes-antes-de-alugar-um-veiculo-industrial\/\"]}]},{\"@type\":\"WebSite\",\"@id\":\"https:\/\/transtelsa.com\/#website\",\"url\":\"https:\/\/transtelsa.com\/\",\"name\":\"Transtel SA\",\"description\":\"\u27a1\ufe0f Aluguel e Loca\u00e7\u00e3o de Ve\u00edculos Industriais | Transtel SA\",\"publisher\":{\"@id\":\"https:\/\/transtelsa.com\/#organization\"},\"potentialAction\":[{\"@type\":\"SearchAction\",\"target\":{\"@type\":\"EntryPoint\",\"urlTemplate\":\"https:\/\/transtelsa.com\/?s={search_term_string}\"},\"query-input\":{\"@type\":\"PropertyValueSpecification\",\"valueRequired\":true,\"valueName\":\"search_term_string\"}}],\"inLanguage\":\"pt-PT\"},{\"@type\":\"Organization\",\"@id\":\"https:\/\/transtelsa.com\/#organization\",\"name\":\"Transtel SA\",\"url\":\"https:\/\/transtelsa.com\/\",\"logo\":{\"@type\":\"ImageObject\",\"inLanguage\":\"pt-PT\",\"@id\":\"https:\/\/transtelsa.com\/#\/schema\/logo\/image\/\",\"url\":\"https:\/\/transtelsa.com\/wp-content\/uploads\/2023\/03\/cropped-transtelfavicon.png\",\"contentUrl\":\"https:\/\/transtelsa.com\/wp-content\/uploads\/2023\/03\/cropped-transtelfavicon.png\",\"width\":512,\"height\":512,\"caption\":\"Transtel SA\"},\"image\":{\"@id\":\"https:\/\/transtelsa.com\/#\/schema\/logo\/image\/\"},\"sameAs\":[\"https:\/\/www.facebook.com\/transtelsa\",\"https:\/\/www.instagram.com\/transtelsa\/\",\"https:\/\/www.linkedin.com\/company\/transtel-sa\/\",\"https:\/\/www.youtube.com\/@transtelsa\"]},{\"@type\":\"Person\",\"@id\":\"https:\/\/transtelsa.com\/#\/schema\/person\/6c0046a8957598287c3921e1247cd567\",\"name\":\"TranstelsaPT\",\"image\":{\"@type\":\"ImageObject\",\"inLanguage\":\"pt-PT\",\"@id\":\"https:\/\/transtelsa.com\/#\/schema\/person\/image\/\",\"url\":\"https:\/\/secure.gravatar.com\/avatar\/e317d26bea46da66a6fe556b3fc0c9835105b999f4aa98f4493564ef375e29b5?s=96&d=mm&r=g\",\"contentUrl\":\"https:\/\/secure.gravatar.com\/avatar\/e317d26bea46da66a6fe556b3fc0c9835105b999f4aa98f4493564ef375e29b5?s=96&d=mm&r=g\",\"caption\":\"TranstelsaPT\"},\"sameAs\":[\"https:\/\/x.com\/PISTO\"],\"url\":\"https:\/\/transtelsa.com\/pt-pt\/blog\/author\/transtelsapt\/\"}]}<\/script>\n<!-- \/ Yoast SEO plugin. -->","yoast_head_json":{"title":"Conselhos e sugest\u00f5es antes de alugar um ve\u00edculo industrial - Transtel","robots":{"index":"index","follow":"follow","max-snippet":"max-snippet:-1","max-image-preview":"max-image-preview:large","max-video-preview":"max-video-preview:-1"},"canonical":"https:\/\/transtelsa.com\/pt-pt\/blog\/conselhos-e-sugestoes-antes-de-alugar-um-veiculo-industrial\/","og_locale":"pt_PT","og_type":"article","og_title":"Conselhos e sugest\u00f5es antes de alugar um ve\u00edculo industrial - Transtel","og_description":"[vc_row][vc_column][gsf_heading layout_style=&#8221;style-02&#8243; title_color=&#8221;#333333&#8243; title_font_size=&#8221;34&#8243; text_align=&#8221;text-left&#8221; el_class=&#8221;&#8221; title=&#8221;Conselhos e sugest\u00f5es antes de alugar um ve\u00edculo industrial&#8221;][vc_column_text el_class=&#8221;&#8221;]7 de dezembro de 2023[\/vc_column_text][gsf_space desktop=&#8221;20&#8243; tablet=&#8221;70&#8243; tablet_portrait=&#8221;60&#8243; mobile_landscape=&#8221;50&#8243; mobile=&#8221;40&#8243;][vc_column_text el_class=&#8221;&#8221;]Quando uma empresa est\u00e1 a considerar a necessidade de alugar um ve\u00edculo comercial, \u00e9 essencial tomar decis\u00f5es informadas e considerar uma s\u00e9rie de factores-chave para garantir que a escolha \u00e9 [&hellip;]","og_url":"https:\/\/transtelsa.com\/pt-pt\/blog\/conselhos-e-sugestoes-antes-de-alugar-um-veiculo-industrial\/","og_site_name":"Transtel","article_publisher":"https:\/\/www.facebook.com\/transtelsa","article_published_time":"2024-05-23T11:41:51+00:00","article_modified_time":"2024-09-26T10:22:02+00:00","og_image":[{"width":680,"height":510,"url":"https:\/\/transtelsa.com\/wp-content\/uploads\/2024\/05\/sede-transtel-bilbao-1.jpg","type":"image\/jpeg"}],"author":"TranstelsaPT","twitter_card":"summary_large_image","twitter_creator":"@PISTO","twitter_misc":{"Escrito por":"TranstelsaPT","Tempo estimado de leitura":"6 minutos"},"schema":{"@context":"https:\/\/schema.org","@graph":[{"@type":"Article","@id":"https:\/\/transtelsa.com\/pt-pt\/blog\/conselhos-e-sugestoes-antes-de-alugar-um-veiculo-industrial\/#article","isPartOf":{"@id":"https:\/\/transtelsa.com\/pt-pt\/blog\/conselhos-e-sugestoes-antes-de-alugar-um-veiculo-industrial\/"},"author":{"name":"TranstelsaPT","@id":"https:\/\/transtelsa.com\/#\/schema\/person\/6c0046a8957598287c3921e1247cd567"},"headline":"Conselhos e sugest\u00f5es antes de alugar um ve\u00edculo industrial","datePublished":"2024-05-23T11:41:51+00:00","dateModified":"2024-09-26T10:22:02+00:00","mainEntityOfPage":{"@id":"https:\/\/transtelsa.com\/pt-pt\/blog\/conselhos-e-sugestoes-antes-de-alugar-um-veiculo-industrial\/"},"wordCount":1206,"commentCount":0,"publisher":{"@id":"https:\/\/transtelsa.com\/#organization"},"inLanguage":"pt-PT","potentialAction":[{"@type":"CommentAction","name":"Comment","target":["https:\/\/transtelsa.com\/pt-pt\/blog\/conselhos-e-sugestoes-antes-de-alugar-um-veiculo-industrial\/#respond"]}]},{"@type":"WebPage","@id":"https:\/\/transtelsa.com\/pt-pt\/blog\/conselhos-e-sugestoes-antes-de-alugar-um-veiculo-industrial\/","url":"https:\/\/transtelsa.com\/pt-pt\/blog\/conselhos-e-sugestoes-antes-de-alugar-um-veiculo-industrial\/","name":"Conselhos e sugest\u00f5es antes de alugar um ve\u00edculo industrial - Transtel","isPartOf":{"@id":"https:\/\/transtelsa.com\/#website"},"datePublished":"2024-05-23T11:41:51+00:00","dateModified":"2024-09-26T10:22:02+00:00","inLanguage":"pt-PT","potentialAction":[{"@type":"ReadAction","target":["https:\/\/transtelsa.com\/pt-pt\/blog\/conselhos-e-sugestoes-antes-de-alugar-um-veiculo-industrial\/"]}]},{"@type":"WebSite","@id":"https:\/\/transtelsa.com\/#website","url":"https:\/\/transtelsa.com\/","name":"Transtel SA","description":"\u27a1\ufe0f Aluguel e Loca\u00e7\u00e3o de Ve\u00edculos Industriais | Transtel SA","publisher":{"@id":"https:\/\/transtelsa.com\/#organization"},"potentialAction":[{"@type":"SearchAction","target":{"@type":"EntryPoint","urlTemplate":"https:\/\/transtelsa.com\/?s={search_term_string}"},"query-input":{"@type":"PropertyValueSpecification","valueRequired":true,"valueName":"search_term_string"}}],"inLanguage":"pt-PT"},{"@type":"Organization","@id":"https:\/\/transtelsa.com\/#organization","name":"Transtel SA","url":"https:\/\/transtelsa.com\/","logo":{"@type":"ImageObject","inLanguage":"pt-PT","@id":"https:\/\/transtelsa.com\/#\/schema\/logo\/image\/","url":"https:\/\/transtelsa.com\/wp-content\/uploads\/2023\/03\/cropped-transtelfavicon.png","contentUrl":"https:\/\/transtelsa.com\/wp-content\/uploads\/2023\/03\/cropped-transtelfavicon.png","width":512,"height":512,"caption":"Transtel SA"},"image":{"@id":"https:\/\/transtelsa.com\/#\/schema\/logo\/image\/"},"sameAs":["https:\/\/www.facebook.com\/transtelsa","https:\/\/www.instagram.com\/transtelsa\/","https:\/\/www.linkedin.com\/company\/transtel-sa\/","https:\/\/www.youtube.com\/@transtelsa"]},{"@type":"Person","@id":"https:\/\/transtelsa.com\/#\/schema\/person\/6c0046a8957598287c3921e1247cd567","name":"TranstelsaPT","image":{"@type":"ImageObject","inLanguage":"pt-PT","@id":"https:\/\/transtelsa.com\/#\/schema\/person\/image\/","url":"https:\/\/secure.gravatar.com\/avatar\/e317d26bea46da66a6fe556b3fc0c9835105b999f4aa98f4493564ef375e29b5?s=96&d=mm&r=g","contentUrl":"https:\/\/secure.gravatar.com\/avatar\/e317d26bea46da66a6fe556b3fc0c9835105b999f4aa98f4493564ef375e29b5?s=96&d=mm&r=g","caption":"TranstelsaPT"},"sameAs":["https:\/\/x.com\/PISTO"],"url":"https:\/\/transtelsa.com\/pt-pt\/blog\/author\/transtelsapt\/"}]}},"_links":{"self":[{"href":"https:\/\/transtelsa.com\/pt-pt\/wp-json\/wp\/v2\/posts\/4577","targetHints":{"allow":["GET"]}}],"collection":[{"href":"https:\/\/transtelsa.com\/pt-pt\/wp-json\/wp\/v2\/posts"}],"about":[{"href":"https:\/\/transtelsa.com\/pt-pt\/wp-json\/wp\/v2\/types\/post"}],"author":[{"embeddable":true,"href":"https:\/\/transtelsa.com\/pt-pt\/wp-json\/wp\/v2\/users\/4"}],"replies":[{"embeddable":true,"href":"https:\/\/transtelsa.com\/pt-pt\/wp-json\/wp\/v2\/comments?post=4577"}],"version-history":[{"count":3,"href":"https:\/\/transtelsa.com\/pt-pt\/wp-json\/wp\/v2\/posts\/4577\/revisions"}],"predecessor-version":[{"id":5722,"href":"https:\/\/transtelsa.com\/pt-pt\/wp-json\/wp\/v2\/posts\/4577\/revisions\/5722"}],"wp:attachment":[{"href":"https:\/\/transtelsa.com\/pt-pt\/wp-json\/wp\/v2\/media?parent=4577"}],"wp:term":[{"taxonomy":"category","embeddable":true,"href":"https:\/\/transtelsa.com\/pt-pt\/wp-json\/wp\/v2\/categories?post=4577"},{"taxonomy":"post_tag","embeddable":true,"href":"https:\/\/transtelsa.com\/pt-pt\/wp-json\/wp\/v2\/tags?post=4577"}],"curies":[{"name":"wp","href":"https:\/\/api.w.org\/{rel}","templated":true}]}}