{"id":4550,"date":"2024-05-23T09:23:05","date_gmt":"2024-05-23T09:23:05","guid":{"rendered":"https:\/\/transtelsa.com\/?p=4550"},"modified":"2024-09-26T10:36:53","modified_gmt":"2024-09-26T10:36:53","slug":"aluguer-de-veiculos-industriais-em-portugal-descubra-a-nossa-sucursal-em-lisboa-e-toda-a-nossa-frota","status":"publish","type":"post","link":"https:\/\/transtelsa.com\/pt-pt\/blog\/aluguer-de-veiculos-industriais-em-portugal-descubra-a-nossa-sucursal-em-lisboa-e-toda-a-nossa-frota\/","title":{"rendered":"Aluguer de ve\u00edculos industriais em Portugal: descubra a nossa sucursal em Lisboa e toda a nossa frota"},"content":{"rendered":"<div class=\"wpb-content-wrapper\"><p>[vc_row][vc_column][gsf_banner el_class=&#8221;&#8221; image=&#8221;4552&#8243;][\/gsf_banner][gsf_space desktop=&#8221;20&#8243; tablet=&#8221;70&#8243; tablet_portrait=&#8221;60&#8243; mobile_landscape=&#8221;50&#8243; mobile=&#8221;40&#8243;][\/vc_column][\/vc_row][vc_row][vc_column][gsf_heading layout_style=&#8221;style-02&#8243; title_color=&#8221;#333333&#8243; title_font_size=&#8221;34&#8243; text_align=&#8221;text-left&#8221; el_class=&#8221;&#8221; title=&#8221;Aluguer de ve\u00edculos industriais em Lisboa: descubra a nossa sucursal!&#8221;][\/vc_column][\/vc_row][vc_row][vc_column][gsf_space desktop=&#8221;20&#8243; tablet=&#8221;70&#8243; tablet_portrait=&#8221;60&#8243; mobile_landscape=&#8221;50&#8243; mobile=&#8221;40&#8243;][gsf_heading layout_style=&#8221;style-02&#8243; title_color=&#8221;#333333&#8243; title_font_size=&#8221;34&#8243; text_align=&#8221;text-left&#8221; el_class=&#8221;&#8221; title=&#8221;Dimens\u00f5es da sucursal da TransTel em Lisboa&#8221;][gsf_space desktop=&#8221;20&#8243; tablet=&#8221;70&#8243; tablet_portrait=&#8221;60&#8243; mobile_landscape=&#8221;50&#8243; mobile=&#8221;40&#8243;][\/vc_column][\/vc_row][vc_row][vc_column][vc_column_text el_class=&#8221;&#8221;]A nossa sucursal em Lisboa ocupa mais de 10.000 metros quadrados, o que nos permite armazenar e<br \/>\nmanter uma grande variedade de ve\u00edculos industriais para aluguer. As nossas instala\u00e7\u00f5es est\u00e3o<br \/>\nequipadas para prestar um servi\u00e7o completo e personalizado aos nossos clientes, incluindo \u00e1reas de<br \/>\noficina para a manuten\u00e7\u00e3o dos ve\u00edculos.[\/vc_column_text][gsf_space desktop=&#8221;20&#8243; tablet=&#8221;70&#8243; tablet_portrait=&#8221;60&#8243; mobile_landscape=&#8221;50&#8243; mobile=&#8221;40&#8243;][gsf_heading layout_style=&#8221;style-02&#8243; title_color=&#8221;#333333&#8243; title_font_size=&#8221;34&#8243; text_align=&#8221;text-left&#8221; el_class=&#8221;&#8221; title=&#8221;N\u00famero de ve\u00edculos dispon\u00edveis na TransTel e tipos:&#8221;][vc_column_text el_class=&#8221;&#8221;]Dispomos de uma frota diversificada que inclui carrinhas, cami\u00f5es de caixa aberta, cami\u00f5es frigor\u00edficos,<br \/>\ncami\u00f5es com plataformas elevat\u00f3rias e muitos outros tipos de ve\u00edculos industriais. Comprometemo-nos a<br \/>\nfornecer aos nossos clientes o ve\u00edculo de que necessitam, personalizado de acordo com as<br \/>\nespecifica\u00e7\u00f5es que requerem.<\/p>\n<p>Com mais de 2.800 unidades activas dispon\u00edveis para aluguer, temos capacidade para satisfazer uma<br \/>\nvasta gama de necessidades comerciais &#8211; desde empresas privadas a organismos p\u00fablicos.<\/p>\n<p>s.[\/vc_column_text][gsf_space desktop=&#8221;20&#8243; tablet=&#8221;70&#8243; tablet_portrait=&#8221;60&#8243; mobile_landscape=&#8221;50&#8243; mobile=&#8221;40&#8243;][gsf_heading layout_style=&#8221;style-02&#8243; title_color=&#8221;#333333&#8243; title_font_size=&#8221;34&#8243; text_align=&#8221;text-left&#8221; el_class=&#8221;&#8221; title=&#8221;Temos um elevado n\u00famero de clientes que confiam em n\u00f3s e alugam o seu ve\u00edculo comercial \u00e0 TransTel&#8221;][gsf_space desktop=&#8221;20&#8243; tablet=&#8221;70&#8243; tablet_portrait=&#8221;60&#8243; mobile_landscape=&#8221;50&#8243; mobile=&#8221;40&#8243;][vc_column_text el_class=&#8221;&#8221;]Temos um elevado n\u00famero de clientes que confiam em n\u00f3s e alugam o seu ve\u00edculo comercial na<br \/>\nesta\u00e7\u00e3o de Lisboa da TransTel<\/p>\n<p>Ao longo dos nossos mais de 50 anos no mercado, conquist\u00e1mos a confian\u00e7a de milhares de clientes<br \/>\nem Espanha e Portugal. O nosso foco na satisfa\u00e7\u00e3o do cliente e na qualidade do servi\u00e7o fez de n\u00f3s a<br \/>\nescolha preferida para o aluguer de ve\u00edculos comerciais.<\/p>\n<p>Se quiser saber mais sobre n\u00f3s, veja o seguinte v\u00eddeo:[\/vc_column_text][\/vc_column][\/vc_row][vc_row][vc_column][vc_column_text el_class=&#8221;&#8221;]<strong>Ve\u00edculos<\/strong>[\/vc_column_text][\/vc_column][\/vc_row][vc_row][vc_column][gsf_space desktop=&#8221;20&#8243; tablet=&#8221;70&#8243; tablet_portrait=&#8221;60&#8243; mobile_landscape=&#8221;50&#8243; mobile=&#8221;40&#8243;][gsf_heading layout_style=&#8221;style-02&#8243; title_color=&#8221;#333333&#8243; title_font_size=&#8221;40&#8243; text_align=&#8221;text-left&#8221; el_class=&#8221;&#8221; title=&#8221;Aluguer de ve\u00edculos industriais em Portugal: descubra a nossa sucursal em Lisboa e toda a nossa frota&#8221;][gsf_space desktop=&#8221;20&#8243; tablet=&#8221;70&#8243; tablet_portrait=&#8221;60&#8243; mobile_landscape=&#8221;50&#8243; mobile=&#8221;40&#8243;][vc_column_text el_class=&#8221;&#8221;]<strong>12 de mar\u00e7o de 2024<\/strong>[\/vc_column_text][gsf_space desktop=&#8221;20&#8243; tablet=&#8221;70&#8243; tablet_portrait=&#8221;60&#8243; mobile_landscape=&#8221;50&#8243; mobile=&#8221;40&#8243;][\/vc_column][\/vc_row][vc_row][vc_column][vc_column_text el_class=&#8221;&#8221;]Se precisar de alugar um ve\u00edculo industrial em Portugal, convidamo-lo a descobrir a nossa sucursal em<br \/>\nLisboa. A TransTel, uma empresa consolidada com mais de 50 anos de experi\u00eancia no sector. A nossa<br \/>\nsucursal em Lisboa \u00e9 um reflexo do nosso compromisso com a excel\u00eancia e a satisfa\u00e7\u00e3o do cliente.[\/vc_column_text][gsf_space desktop=&#8221;90&#8243; tablet=&#8221;70&#8243; tablet_portrait=&#8221;60&#8243; mobile_landscape=&#8221;50&#8243; mobile=&#8221;40&#8243;][\/vc_column][\/vc_row][vc_row][vc_column][gsf_space desktop=&#8221;20&#8243; tablet=&#8221;70&#8243; tablet_portrait=&#8221;60&#8243; mobile_landscape=&#8221;50&#8243; mobile=&#8221;40&#8243;][vc_column_text el_class=&#8221;&#8221;]Na nossa sede em Val\u00eancia, dispomos de uma vasta gama de ve\u00edculos industriais dispon\u00edveis para<br \/>\naluguer, adaptados \u00e0s necessidades de cada cliente. Desde carrinhas, ve\u00edculos com plataformas<br \/>\na\u00e9reas, cami\u00f5es pesados. A nossa frota foi concebida para cobrir uma grande variedade de<br \/>\nnecessidades comerciais. Com mais de 2.800 unidades activas e uma previs\u00e3o de ultrapassar os 3.000<br \/>\nve\u00edculos este ano, temos a capacidade de satisfazer as exig\u00eancias de empresas de todas as dimens\u00f5es<br \/>\ne sectores.[\/vc_column_text][\/vc_column][\/vc_row][vc_row][vc_column][vc_video link=&#8221;https:\/\/www.youtube.com\/watch?v=eP_O4GTg_Tw&#8221; el_class=&#8221;&#8221;][\/vc_column][\/vc_row][vc_row][vc_column][gsf_space desktop=&#8221;20&#8243; tablet=&#8221;70&#8243; tablet_portrait=&#8221;60&#8243; mobile_landscape=&#8221;50&#8243; mobile=&#8221;40&#8243;][vc_column_text el_class=&#8221;&#8221;]Na TransTel, dispomos de um vasto stock de ve\u00edculos industriais para entrega imediata, unidades de<br \/>\npr\u00e9-entrega para alugueres de longa dura\u00e7\u00e3o e unidades de substitui\u00e7\u00e3o para avarias de longa<br \/>\ndura\u00e7\u00e3o, para que possa cobrir as necessidades urgentes da sua empresa. Dispomos de uma rede de<br \/>\noficinas externas em toda a Pen\u00ednsula Ib\u00e9rica, Can\u00e1rias e Baleares e das nossas pr\u00f3prias oficinas<br \/>\nTransTel em Val\u00eancia, Madrid, Barcelona, Bilbau, M\u00e1laga, Sevilha e Lisboa.<\/p>\n<p>Dispomos de uma equipa de motoristas que entregar\u00e1 o ve\u00edculo chave na m\u00e3o onde desejar, em<br \/>\nEspanha, incluindo as Ilhas Can\u00e1rias e Baleares, e em Portugal. A TransTel SA \u00e9 uma refer\u00eancia no<br \/>\naluguer e leasing de ve\u00edculos industriais h\u00e1 mais de 50 anos.<\/p>\n<p>Conseguimos liderar o sector gra\u00e7as \u00e0 qualidade, ao envolvimento total de toda a equipa e \u00e0 melhoria<br \/>\ncont\u00ednua. Se estiver interessado em obter mais informa\u00e7\u00f5es ou solicitar os nossos servi\u00e7os, contacte-nos.<br \/>\nPor: TransTel<\/p>\n<p>Etiquetas: aluguer de ve\u00edculos industriais, aluguer de ve\u00edculos, aluguer de ve\u00edculos industriais a longo<br \/>\nprazo. Transtel Lisboa.[\/vc_column_text][\/vc_column][\/vc_row]<\/p>\n<\/div>","protected":false},"excerpt":{"rendered":"<p>[vc_row][vc_column][gsf_banner el_class=&#8221;&#8221; image=&#8221;4552&#8243;][\/gsf_banner][gsf_space desktop=&#8221;20&#8243; tablet=&#8221;70&#8243; tablet_portrait=&#8221;60&#8243; mobile_landscape=&#8221;50&#8243; mobile=&#8221;40&#8243;][\/vc_column][\/vc_row][vc_row][vc_column][gsf_heading layout_style=&#8221;style-02&#8243; title_color=&#8221;#333333&#8243; title_font_size=&#8221;34&#8243; text_align=&#8221;text-left&#8221; el_class=&#8221;&#8221; title=&#8221;Aluguer de ve\u00edculos industriais em Lisboa: descubra a nossa sucursal!&#8221;][\/vc_column][\/vc_row][vc_row][vc_column][gsf_space desktop=&#8221;20&#8243; tablet=&#8221;70&#8243; tablet_portrait=&#8221;60&#8243; mobile_landscape=&#8221;50&#8243; mobile=&#8221;40&#8243;][gsf_heading layout_style=&#8221;style-02&#8243; title_color=&#8221;#333333&#8243; title_font_size=&#8221;34&#8243; text_align=&#8221;text-left&#8221; el_class=&#8221;&#8221; title=&#8221;Dimens\u00f5es da sucursal da TransTel em Lisboa&#8221;][gsf_space desktop=&#8221;20&#8243; tablet=&#8221;70&#8243; tablet_portrait=&#8221;60&#8243; mobile_landscape=&#8221;50&#8243; mobile=&#8221;40&#8243;][\/vc_column][\/vc_row][vc_row][vc_column][vc_column_text el_class=&#8221;&#8221;]A nossa sucursal em Lisboa ocupa mais de 10.000 metros [&hellip;]<\/p>\n","protected":false},"author":4,"featured_media":5737,"comment_status":"open","ping_status":"open","sticky":false,"template":"","format":"standard","meta":{"_acf_changed":false,"footnotes":""},"categories":[102],"tags":[],"class_list":["post-4550","post","type-post","status-publish","format-standard","has-post-thumbnail","hentry","category-sem-categoria"],"acf":[],"yoast_head":"<!-- This site is optimized with the Yoast SEO plugin v26.9 - https:\/\/yoast.com\/product\/yoast-seo-wordpress\/ -->\n<title>Aluguer de ve\u00edculos industriais em Portugal: descubra a nossa sucursal em Lisboa e toda a nossa frota - Transtel<\/title>\n<meta name=\"robots\" content=\"index, follow, max-snippet:-1, max-image-preview:large, max-video-preview:-1\" \/>\n<link rel=\"canonical\" href=\"https:\/\/transtelsa.com\/pt-pt\/blog\/aluguer-de-veiculos-industriais-em-portugal-descubra-a-nossa-sucursal-em-lisboa-e-toda-a-nossa-frota\/\" \/>\n<meta property=\"og:locale\" content=\"pt_PT\" \/>\n<meta property=\"og:type\" content=\"article\" \/>\n<meta property=\"og:title\" content=\"Aluguer de ve\u00edculos industriais em Portugal: descubra a nossa sucursal em Lisboa e toda a nossa frota - Transtel\" \/>\n<meta property=\"og:description\" content=\"[vc_row][vc_column][gsf_banner el_class=&#8221;&#8221; image=&#8221;4552&#8243;][\/gsf_banner][gsf_space desktop=&#8221;20&#8243; tablet=&#8221;70&#8243; tablet_portrait=&#8221;60&#8243; mobile_landscape=&#8221;50&#8243; mobile=&#8221;40&#8243;][\/vc_column][\/vc_row][vc_row][vc_column][gsf_heading layout_style=&#8221;style-02&#8243; title_color=&#8221;#333333&#8243; title_font_size=&#8221;34&#8243; text_align=&#8221;text-left&#8221; el_class=&#8221;&#8221; title=&#8221;Aluguer de ve\u00edculos industriais em Lisboa: descubra a nossa sucursal!&#8221;][\/vc_column][\/vc_row][vc_row][vc_column][gsf_space desktop=&#8221;20&#8243; tablet=&#8221;70&#8243; tablet_portrait=&#8221;60&#8243; mobile_landscape=&#8221;50&#8243; mobile=&#8221;40&#8243;][gsf_heading layout_style=&#8221;style-02&#8243; title_color=&#8221;#333333&#8243; title_font_size=&#8221;34&#8243; text_align=&#8221;text-left&#8221; el_class=&#8221;&#8221; title=&#8221;Dimens\u00f5es da sucursal da TransTel em Lisboa&#8221;][gsf_space desktop=&#8221;20&#8243; tablet=&#8221;70&#8243; tablet_portrait=&#8221;60&#8243; mobile_landscape=&#8221;50&#8243; mobile=&#8221;40&#8243;][\/vc_column][\/vc_row][vc_row][vc_column][vc_column_text el_class=&#8221;&#8221;]A nossa sucursal em Lisboa ocupa mais de 10.000 metros [&hellip;]\" \/>\n<meta property=\"og:url\" content=\"https:\/\/transtelsa.com\/pt-pt\/blog\/aluguer-de-veiculos-industriais-em-portugal-descubra-a-nossa-sucursal-em-lisboa-e-toda-a-nossa-frota\/\" \/>\n<meta property=\"og:site_name\" content=\"Transtel\" \/>\n<meta property=\"article:publisher\" content=\"https:\/\/www.facebook.com\/transtelsa\" \/>\n<meta property=\"article:published_time\" content=\"2024-05-23T09:23:05+00:00\" \/>\n<meta property=\"article:modified_time\" content=\"2024-09-26T10:36:53+00:00\" \/>\n<meta property=\"og:image\" content=\"https:\/\/transtelsa.com\/wp-content\/uploads\/2024\/05\/Untitled-design-24-1.png\" \/>\n\t<meta property=\"og:image:width\" content=\"1920\" \/>\n\t<meta property=\"og:image:height\" content=\"1080\" \/>\n\t<meta property=\"og:image:type\" content=\"image\/png\" \/>\n<meta name=\"author\" content=\"TranstelsaPT\" \/>\n<meta name=\"twitter:card\" content=\"summary_large_image\" \/>\n<meta name=\"twitter:creator\" content=\"@PISTO\" \/>\n<meta name=\"twitter:label1\" content=\"Escrito por\" \/>\n\t<meta name=\"twitter:data1\" content=\"TranstelsaPT\" \/>\n\t<meta name=\"twitter:label2\" content=\"Tempo estimado de leitura\" \/>\n\t<meta name=\"twitter:data2\" content=\"4 minutos\" \/>\n<!-- \/ Yoast SEO plugin. -->","yoast_head_json":{"title":"Aluguer de ve\u00edculos industriais em Portugal: descubra a nossa sucursal em Lisboa e toda a nossa frota - Transtel","robots":{"index":"index","follow":"follow","max-snippet":"max-snippet:-1","max-image-preview":"max-image-preview:large","max-video-preview":"max-video-preview:-1"},"canonical":"https:\/\/transtelsa.com\/pt-pt\/blog\/aluguer-de-veiculos-industriais-em-portugal-descubra-a-nossa-sucursal-em-lisboa-e-toda-a-nossa-frota\/","og_locale":"pt_PT","og_type":"article","og_title":"Aluguer de ve\u00edculos industriais em Portugal: descubra a nossa sucursal em Lisboa e toda a nossa frota - Transtel","og_description":"[vc_row][vc_column][gsf_banner el_class=&#8221;&#8221; image=&#8221;4552&#8243;][\/gsf_banner][gsf_space desktop=&#8221;20&#8243; tablet=&#8221;70&#8243; tablet_portrait=&#8221;60&#8243; mobile_landscape=&#8221;50&#8243; mobile=&#8221;40&#8243;][\/vc_column][\/vc_row][vc_row][vc_column][gsf_heading layout_style=&#8221;style-02&#8243; title_color=&#8221;#333333&#8243; title_font_size=&#8221;34&#8243; text_align=&#8221;text-left&#8221; el_class=&#8221;&#8221; title=&#8221;Aluguer de ve\u00edculos industriais em Lisboa: descubra a nossa sucursal!&#8221;][\/vc_column][\/vc_row][vc_row][vc_column][gsf_space desktop=&#8221;20&#8243; tablet=&#8221;70&#8243; tablet_portrait=&#8221;60&#8243; mobile_landscape=&#8221;50&#8243; mobile=&#8221;40&#8243;][gsf_heading layout_style=&#8221;style-02&#8243; title_color=&#8221;#333333&#8243; title_font_size=&#8221;34&#8243; text_align=&#8221;text-left&#8221; el_class=&#8221;&#8221; title=&#8221;Dimens\u00f5es da sucursal da TransTel em Lisboa&#8221;][gsf_space desktop=&#8221;20&#8243; tablet=&#8221;70&#8243; tablet_portrait=&#8221;60&#8243; mobile_landscape=&#8221;50&#8243; mobile=&#8221;40&#8243;][\/vc_column][\/vc_row][vc_row][vc_column][vc_column_text el_class=&#8221;&#8221;]A nossa sucursal em Lisboa ocupa mais de 10.000 metros [&hellip;]","og_url":"https:\/\/transtelsa.com\/pt-pt\/blog\/aluguer-de-veiculos-industriais-em-portugal-descubra-a-nossa-sucursal-em-lisboa-e-toda-a-nossa-frota\/","og_site_name":"Transtel","article_publisher":"https:\/\/www.facebook.com\/transtelsa","article_published_time":"2024-05-23T09:23:05+00:00","article_modified_time":"2024-09-26T10:36:53+00:00","og_image":[{"width":1920,"height":1080,"url":"https:\/\/transtelsa.com\/wp-content\/uploads\/2024\/05\/Untitled-design-24-1.png","type":"image\/png"}],"author":"TranstelsaPT","twitter_card":"summary_large_image","twitter_creator":"@PISTO","twitter_misc":{"Escrito por":"TranstelsaPT","Tempo estimado de leitura":"4 minutos"},"schema":{"@context":"https:\/\/schema.org","@graph":[{"@type":"Article","@id":"https:\/\/transtelsa.com\/pt-pt\/blog\/aluguer-de-veiculos-industriais-em-portugal-descubra-a-nossa-sucursal-em-lisboa-e-toda-a-nossa-frota\/#article","isPartOf":{"@id":"https:\/\/transtelsa.com\/pt-pt\/blog\/aluguer-de-veiculos-industriais-em-portugal-descubra-a-nossa-sucursal-em-lisboa-e-toda-a-nossa-frota\/"},"author":{"name":"TranstelsaPT","@id":"https:\/\/transtelsa.com\/#\/schema\/person\/6c0046a8957598287c3921e1247cd567"},"headline":"Aluguer de ve\u00edculos industriais em Portugal: descubra a nossa sucursal em Lisboa e toda a nossa frota","datePublished":"2024-05-23T09:23:05+00:00","dateModified":"2024-09-26T10:36:53+00:00","mainEntityOfPage":{"@id":"https:\/\/transtelsa.com\/pt-pt\/blog\/aluguer-de-veiculos-industriais-em-portugal-descubra-a-nossa-sucursal-em-lisboa-e-toda-a-nossa-frota\/"},"wordCount":986,"commentCount":0,"publisher":{"@id":"https:\/\/transtelsa.com\/#organization"},"image":{"@id":"https:\/\/transtelsa.com\/pt-pt\/blog\/aluguer-de-veiculos-industriais-em-portugal-descubra-a-nossa-sucursal-em-lisboa-e-toda-a-nossa-frota\/#primaryimage"},"thumbnailUrl":"https:\/\/transtelsa.com\/wp-content\/uploads\/2024\/05\/Untitled-design-24-1.png","inLanguage":"pt-PT","potentialAction":[{"@type":"CommentAction","name":"Comment","target":["https:\/\/transtelsa.com\/pt-pt\/blog\/aluguer-de-veiculos-industriais-em-portugal-descubra-a-nossa-sucursal-em-lisboa-e-toda-a-nossa-frota\/#respond"]}]},{"@type":"WebPage","@id":"https:\/\/transtelsa.com\/pt-pt\/blog\/aluguer-de-veiculos-industriais-em-portugal-descubra-a-nossa-sucursal-em-lisboa-e-toda-a-nossa-frota\/","url":"https:\/\/transtelsa.com\/pt-pt\/blog\/aluguer-de-veiculos-industriais-em-portugal-descubra-a-nossa-sucursal-em-lisboa-e-toda-a-nossa-frota\/","name":"Aluguer de ve\u00edculos industriais em Portugal: descubra a nossa sucursal em Lisboa e toda a nossa frota - Transtel","isPartOf":{"@id":"https:\/\/transtelsa.com\/#website"},"primaryImageOfPage":{"@id":"https:\/\/transtelsa.com\/pt-pt\/blog\/aluguer-de-veiculos-industriais-em-portugal-descubra-a-nossa-sucursal-em-lisboa-e-toda-a-nossa-frota\/#primaryimage"},"image":{"@id":"https:\/\/transtelsa.com\/pt-pt\/blog\/aluguer-de-veiculos-industriais-em-portugal-descubra-a-nossa-sucursal-em-lisboa-e-toda-a-nossa-frota\/#primaryimage"},"thumbnailUrl":"https:\/\/transtelsa.com\/wp-content\/uploads\/2024\/05\/Untitled-design-24-1.png","datePublished":"2024-05-23T09:23:05+00:00","dateModified":"2024-09-26T10:36:53+00:00","inLanguage":"pt-PT","potentialAction":[{"@type":"ReadAction","target":["https:\/\/transtelsa.com\/pt-pt\/blog\/aluguer-de-veiculos-industriais-em-portugal-descubra-a-nossa-sucursal-em-lisboa-e-toda-a-nossa-frota\/"]}]},{"@type":"ImageObject","inLanguage":"pt-PT","@id":"https:\/\/transtelsa.com\/pt-pt\/blog\/aluguer-de-veiculos-industriais-em-portugal-descubra-a-nossa-sucursal-em-lisboa-e-toda-a-nossa-frota\/#primaryimage","url":"https:\/\/transtelsa.com\/wp-content\/uploads\/2024\/05\/Untitled-design-24-1.png","contentUrl":"https:\/\/transtelsa.com\/wp-content\/uploads\/2024\/05\/Untitled-design-24-1.png","width":1920,"height":1080,"caption":"Untitled design 24 1"},{"@type":"WebSite","@id":"https:\/\/transtelsa.com\/#website","url":"https:\/\/transtelsa.com\/","name":"Transtel SA","description":"\u27a1\ufe0f Aluguel e Loca\u00e7\u00e3o de Ve\u00edculos Industriais | Transtel SA","publisher":{"@id":"https:\/\/transtelsa.com\/#organization"},"potentialAction":[{"@type":"SearchAction","target":{"@type":"EntryPoint","urlTemplate":"https:\/\/transtelsa.com\/?s={search_term_string}"},"query-input":{"@type":"PropertyValueSpecification","valueRequired":true,"valueName":"search_term_string"}}],"inLanguage":"pt-PT"},{"@type":"Organization","@id":"https:\/\/transtelsa.com\/#organization","name":"Transtel SA","url":"https:\/\/transtelsa.com\/","logo":{"@type":"ImageObject","inLanguage":"pt-PT","@id":"https:\/\/transtelsa.com\/#\/schema\/logo\/image\/","url":"https:\/\/transtelsa.com\/wp-content\/uploads\/2023\/03\/cropped-transtelfavicon.png","contentUrl":"https:\/\/transtelsa.com\/wp-content\/uploads\/2023\/03\/cropped-transtelfavicon.png","width":512,"height":512,"caption":"Transtel SA"},"image":{"@id":"https:\/\/transtelsa.com\/#\/schema\/logo\/image\/"},"sameAs":["https:\/\/www.facebook.com\/transtelsa","https:\/\/www.instagram.com\/transtelsa\/","https:\/\/www.linkedin.com\/company\/transtel-sa\/","https:\/\/www.youtube.com\/@transtelsa"]},{"@type":"Person","@id":"https:\/\/transtelsa.com\/#\/schema\/person\/6c0046a8957598287c3921e1247cd567","name":"TranstelsaPT","image":{"@type":"ImageObject","inLanguage":"pt-PT","@id":"https:\/\/transtelsa.com\/#\/schema\/person\/image\/","url":"https:\/\/secure.gravatar.com\/avatar\/e317d26bea46da66a6fe556b3fc0c9835105b999f4aa98f4493564ef375e29b5?s=96&d=mm&r=g","contentUrl":"https:\/\/secure.gravatar.com\/avatar\/e317d26bea46da66a6fe556b3fc0c9835105b999f4aa98f4493564ef375e29b5?s=96&d=mm&r=g","caption":"TranstelsaPT"},"sameAs":["https:\/\/x.com\/PISTO"],"url":"https:\/\/transtelsa.com\/pt-pt\/blog\/author\/transtelsapt\/"}]}},"_links":{"self":[{"href":"https:\/\/transtelsa.com\/pt-pt\/wp-json\/wp\/v2\/posts\/4550","targetHints":{"allow":["GET"]}}],"collection":[{"href":"https:\/\/transtelsa.com\/pt-pt\/wp-json\/wp\/v2\/posts"}],"about":[{"href":"https:\/\/transtelsa.com\/pt-pt\/wp-json\/wp\/v2\/types\/post"}],"author":[{"embeddable":true,"href":"https:\/\/transtelsa.com\/pt-pt\/wp-json\/wp\/v2\/users\/4"}],"replies":[{"embeddable":true,"href":"https:\/\/transtelsa.com\/pt-pt\/wp-json\/wp\/v2\/comments?post=4550"}],"version-history":[{"count":3,"href":"https:\/\/transtelsa.com\/pt-pt\/wp-json\/wp\/v2\/posts\/4550\/revisions"}],"predecessor-version":[{"id":5740,"href":"https:\/\/transtelsa.com\/pt-pt\/wp-json\/wp\/v2\/posts\/4550\/revisions\/5740"}],"wp:featuredmedia":[{"embeddable":true,"href":"https:\/\/transtelsa.com\/pt-pt\/wp-json\/wp\/v2\/media\/5737"}],"wp:attachment":[{"href":"https:\/\/transtelsa.com\/pt-pt\/wp-json\/wp\/v2\/media?parent=4550"}],"wp:term":[{"taxonomy":"category","embeddable":true,"href":"https:\/\/transtelsa.com\/pt-pt\/wp-json\/wp\/v2\/categories?post=4550"},{"taxonomy":"post_tag","embeddable":true,"href":"https:\/\/transtelsa.com\/pt-pt\/wp-json\/wp\/v2\/tags?post=4550"}],"curies":[{"name":"wp","href":"https:\/\/api.w.org\/{rel}","templated":true}]}}