{"id":4541,"date":"2024-05-23T07:37:21","date_gmt":"2024-05-23T07:37:21","guid":{"rendered":"https:\/\/transtelsa.com\/?p=4541"},"modified":"2024-09-26T10:39:16","modified_gmt":"2024-09-26T10:39:16","slug":"estes-sao-os-nossos-veiculos-mais-procurados-e-estas-sao-as-razoes-para-tal","status":"publish","type":"post","link":"https:\/\/transtelsa.com\/pt-pt\/blog\/estes-sao-os-nossos-veiculos-mais-procurados-e-estas-sao-as-razoes-para-tal\/","title":{"rendered":"Estes s\u00e3o os nossos ve\u00edculos mais procurados e estas s\u00e3o as raz\u00f5es para tal"},"content":{"rendered":"<div class=\"wpb-content-wrapper\"><p>[vc_row][vc_column][gsf_banner el_class=&#8221;&#8221; image=&#8221;4546&#8243;][\/gsf_banner][gsf_space desktop=&#8221;20&#8243; tablet=&#8221;40&#8243; tablet_portrait=&#8221;60&#8243; mobile_landscape=&#8221;50&#8243; mobile=&#8221;40&#8243;][vc_column_text el_class=&#8221;&#8221;]<strong>Ve\u00edculos<\/strong>[\/vc_column_text][\/vc_column][\/vc_row][vc_row][vc_column][gsf_space desktop=&#8221;20&#8243; tablet=&#8221;40&#8243; tablet_portrait=&#8221;60&#8243; mobile_landscape=&#8221;50&#8243; mobile=&#8221;40&#8243;][gsf_heading layout_style=&#8221;style-02&#8243; title_color=&#8221;#333333&#8243; title_font_size=&#8221;60&#8243; text_align=&#8221;text-left&#8221; el_class=&#8221;&#8221; title=&#8221;Estes s\u00e3o os nossos ve\u00edculos mais procurados e estas s\u00e3o as raz\u00f5es para tal&#8221;][gsf_space desktop=&#8221;20&#8243; tablet=&#8221;40&#8243; tablet_portrait=&#8221;60&#8243; mobile_landscape=&#8221;50&#8243; mobile=&#8221;40&#8243;][vc_column_text el_class=&#8221;&#8221;]<strong>01 de Abril de 2024<\/strong>[\/vc_column_text][gsf_space desktop=&#8221;20&#8243; tablet=&#8221;40&#8243; tablet_portrait=&#8221;60&#8243; mobile_landscape=&#8221;50&#8243; mobile=&#8221;40&#8243;][\/vc_column][\/vc_row][vc_row el_class=&#8221;&#8221;][vc_column el_class=&#8221;&#8221;][vc_column_text el_class=&#8221;&#8221;]Num ambiente empresarial din\u00e2mico e competitivo, ter os recursos certos \u00e9 fundamental para o sucesso<br \/>\nde qualquer projeto ou tarefa. Na TransTel, orgulhamo-nos de oferecer uma vasta gama de ve\u00edculos<br \/>\nindustriais para aluguer que s\u00e3o adaptados \u00e0s necessidades espec\u00edficas de cada empresa.<\/p>\n<p>Desde plataformas a\u00e9reas a cami\u00f5es-grua e cami\u00f5es RSU, a nossa frota foi concebida para fornecer<br \/>\nsolu\u00e7\u00f5es fi\u00e1veis e eficientes para qualquer projeto. Eis os nossos ve\u00edculos comerciais mais populares<br \/>\npara aluguer e as raz\u00f5es pelas quais s\u00e3o escolhidos por tantas empresas.[\/vc_column_text][\/vc_column][\/vc_row][vc_row][vc_column][gsf_space desktop=&#8221;20&#8243; tablet=&#8221;40&#8243; tablet_portrait=&#8221;60&#8243; mobile_landscape=&#8221;50&#8243; mobile=&#8221;40&#8243;][gsf_heading layout_style=&#8221;style-02&#8243; title_color=&#8221;#333333&#8243; title_font_size=&#8221;46&#8243; text_align=&#8221;text-left&#8221; el_class=&#8221;&#8221; title=&#8221;Os ve\u00edculos comerciais mais populares da TransTel para aluguer por empresas:&#8221;][gsf_space desktop=&#8221;20&#8243; tablet=&#8221;40&#8243; tablet_portrait=&#8221;60&#8243; mobile_landscape=&#8221;50&#8243; mobile=&#8221;40&#8243;][vc_column_text el_class=&#8221;&#8221;]<strong>Plataformas a\u00e9reas<\/strong>[\/vc_column_text][gsf_space desktop=&#8221;20&#8243; tablet=&#8221;40&#8243; tablet_portrait=&#8221;60&#8243; mobile_landscape=&#8221;50&#8243; mobile=&#8221;40&#8243;][vc_column_text el_class=&#8221;&#8221;]Num ambiente empresarial din\u00e2mico e competitivo, ter os recursos certos \u00e9 fundamental para o sucesso<br \/>\nde qualquer projeto ou tarefa. Na TransTel, orgulhamo-nos de oferecer uma vasta gama de ve\u00edculos<br \/>\nindustriais para aluguer que s\u00e3o adaptados \u00e0s necessidades espec\u00edficas de cada empresa.<br \/>\nPlataformas a\u00e9reas<\/p>\n<p>As plataformas elevat\u00f3rias s\u00e3o ve\u00edculos industriais essenciais para uma grande variedade de trabalhos<br \/>\nem altura, desde a manuten\u00e7\u00e3o de infra-estruturas \u00e0 poda de \u00e1rvores e repara\u00e7\u00e3o de linhas el\u00e9ctricas.<br \/>\n\u00c9 por isso que os ve\u00edculos industriais com plataformas elevat\u00f3rias s\u00e3o os preferidos dos nossos clientes.<\/p>\n<p>Na TransTel, oferecemos uma vasta gama de plataformas a\u00e9reas, incluindo cami\u00f5es com cesto,<br \/>\ncarrinhas com cesto e pick-ups com cesto, que garantem seguran\u00e7a e efici\u00eancia nos trabalhos a\u00e9reos.<br \/>\nOs nossos clientes confiam nestes ve\u00edculos pela sua robustez, facilidade de utiliza\u00e7\u00e3o e capacidade de<br \/>\nchegar a locais de dif\u00edcil acesso. Al\u00e9m disso, as nossas plataformas a\u00e9reas est\u00e3o equipadas com uma<br \/>\ntecnologia avan\u00e7ada de seguran\u00e7a e de controlo, garantindo sempre um funcionamento seguro e sem<br \/>\nproblemas.<\/p>\n<p>Se quiser ver como funcionam as plataformas a\u00e9reas nos ve\u00edculos da TransTel, veja o seguinte v\u00eddeo:[\/vc_column_text][gsf_space desktop=&#8221;20&#8243; tablet=&#8221;70&#8243; tablet_portrait=&#8221;60&#8243; mobile_landscape=&#8221;50&#8243; mobile=&#8221;40&#8243;][gsf_space desktop=&#8221;20&#8243; tablet=&#8221;70&#8243; tablet_portrait=&#8221;60&#8243; mobile_landscape=&#8221;50&#8243; mobile=&#8221;40&#8243;][vc_video link=&#8221;https:\/\/www.youtube.com\/watch?v=p79Dn19RbMk&#8221; el_class=&#8221;&#8221;][\/vc_column][\/vc_row][vc_row][vc_column][vc_column_text el_class=&#8221;&#8221;]Os cami\u00f5es-grua s\u00e3o ve\u00edculos vers\u00e1teis e potentes utilizados numa grande variedade de aplica\u00e7\u00f5es,<br \/>\ndesde a constru\u00e7\u00e3o \u00e0 log\u00edstica e \u00e0 ind\u00fastria dos transportes. Por esta raz\u00e3o, \u00e9 um dos ve\u00edculos mais<br \/>\nalugados.<\/p>\n<p>Na TransTel, oferecemos uma variedade de cami\u00f5es-grua com menos de 3.500 KG para aluguer que<br \/>\noferecem uma combina\u00e7\u00e3o perfeita de pot\u00eancia e manobrabilidade. Estes ve\u00edculos s\u00e3o ideais para<br \/>\ntrabalhos em que \u00e9 necess\u00e1ria uma grande capacidade de armazenamento, como a carga e descarga<br \/>\nde mercadorias em armaz\u00e9ns.<\/p>\n<p>Os nossos clientes confiam nestes cami\u00f5es-grua pela sua fiabilidade e capacidade de carga,<br \/>\npermitindo uma opera\u00e7\u00e3o eficiente e segura em todos os momentos. Reproduza o v\u00eddeo seguinte para<br \/>\nsaber mais sobre este tipo de ve\u00edculo industrial:[\/vc_column_text][\/vc_column][\/vc_row][vc_row][vc_column][vc_video link=&#8221;https:\/\/www.youtube.com\/watch?v=qBAgjrO3Fz0&#8243; el_class=&#8221;&#8221;][gsf_space desktop=&#8221;20&#8243; tablet=&#8221;70&#8243; tablet_portrait=&#8221;60&#8243; mobile_landscape=&#8221;50&#8243; mobile=&#8221;40&#8243;][vc_column_text el_class=&#8221;&#8221;]<strong>Cami\u00f5es de RSU<\/strong>[\/vc_column_text][vc_column_text el_class=&#8221;&#8221;]Os cami\u00f5es de recolha de res\u00edduos s\u00f3lidos urbanos (RSU) desempenham um papel fundamental na<br \/>\nmanuten\u00e7\u00e3o da limpeza e da ordem nas nossas cidades e comunidades. Por esta raz\u00e3o, \u00e9 um dos<br \/>\nve\u00edculos mais procurados pelos nossos clientes, independentemente da sazonalidade.<\/p>\n<p>Na TransTel, oferecemos uma vasta gama de cami\u00f5es de RSU para aluguer, desde compactadores de<br \/>\ncarga superior a colectores laterais e traseiros. Equipados com sistemas de compacta\u00e7\u00e3o eficientes e<br \/>\numa \u00f3ptima capacidade de carga, estes ve\u00edculos s\u00e3o a escolha preferida das empresas e<br \/>\nadministra\u00e7\u00f5es p\u00fablicas que procuram uma gest\u00e3o de res\u00edduos eficiente e sustent\u00e1vel.<\/p>\n<p>Al\u00e9m disso, os nossos cami\u00f5es de RSU est\u00e3o equipados com tecnologia avan\u00e7ada de controlo de<br \/>\nemiss\u00f5es e s\u00e3o amigos do ambiente, o que os torna uma op\u00e7\u00e3o ecol\u00f3gica para qualquer projeto de<br \/>\ngest\u00e3o de res\u00edduos.[\/vc_column_text][vc_video link=&#8221;https:\/\/www.youtube.com\/watch?v=boaoRdR0Xow&#8221; el_class=&#8221;&#8221;][vc_column_text el_class=&#8221;&#8221;]Em \u00faltima an\u00e1lise, a TransTel est\u00e1 empenhada em fornecer aos seus clientes solu\u00e7\u00f5es de aluguer de<br \/>\nve\u00edculos industriais que sejam fi\u00e1veis, eficientes e adaptadas \u00e0s suas necessidades espec\u00edficas. Desde<br \/>\nplataformas a\u00e9reas a cami\u00f5es-grua e cami\u00f5es RSU, a nossa frota foi concebida para proporcionar<br \/>\num desempenho excecional em qualquer projeto ou tarefa.<\/p>\n<p>Se quiser saber mais sobre o aluguer de ve\u00edculos industriais que oferecemos na TransTel, falamos<br \/>\nsobre isso no nosso blog &#8211; entre e d\u00ea uma vista de olhos!<\/p>\n<p>Na TransTel, dispomos de um vasto stock de ve\u00edculos industriais para entrega imediata, unidades de<br \/>\npr\u00e9-entrega para aluguer de longa dura\u00e7\u00e3o e unidades de substitui\u00e7\u00e3o para avarias de longa<br \/>\ndura\u00e7\u00e3o, para que possa cobrir as necessidades urgentes da sua empresa. Dispomos de uma rede<br \/>\nde oficinas externas em toda a Pen\u00ednsula Ib\u00e9rica, Can\u00e1rias e Baleares e das nossas pr\u00f3prias oficinas<br \/>\nTransTel em Val\u00eancia, Madrid, Barcelona, Bilbau, M\u00e1laga, Sevilha e Lisboa.<\/p>\n<p>Dispomos de uma equipa de motoristas que entregar\u00e1 o ve\u00edculo chave na m\u00e3o onde desejar, em<br \/>\nEspanha, incluindo as Ilhas Can\u00e1rias e Baleares, e em Portugal. A TransTel SA \u00e9 uma refer\u00eancia no<br \/>\naluguer e leasing de ve\u00edculos industriais h\u00e1 mais de 50 anos.<\/p>\n<p>Conseguimos liderar o sector gra\u00e7as \u00e0 qualidade, ao envolvimento total de toda a equipa e \u00e0<br \/>\nmelhoria cont\u00ednua. Se estiver interessado em obter mais informa\u00e7\u00f5es ou solicitar os nossos servi\u00e7os,<br \/>\ncontacte-nos.<\/p>\n<p>Etiquetas: Aluguer de ve\u00edculos industriais:Cami\u00f5es grua, Cami\u00f5es RSU, Frota de ve\u00edculos industriais,<br \/>\nPlataformas a\u00e9reas, Aluguer de ve\u00edculos industriais, Solu\u00e7\u00f5es de aluguer para empresas.[\/vc_column_text][\/vc_column][\/vc_row]<\/p>\n<\/div>","protected":false},"excerpt":{"rendered":"<p>[vc_row][vc_column][gsf_banner el_class=&#8221;&#8221; image=&#8221;4546&#8243;][\/gsf_banner][gsf_space desktop=&#8221;20&#8243; tablet=&#8221;40&#8243; tablet_portrait=&#8221;60&#8243; mobile_landscape=&#8221;50&#8243; mobile=&#8221;40&#8243;][vc_column_text el_class=&#8221;&#8221;]Ve\u00edculos[\/vc_column_text][\/vc_column][\/vc_row][vc_row][vc_column][gsf_space desktop=&#8221;20&#8243; tablet=&#8221;40&#8243; tablet_portrait=&#8221;60&#8243; mobile_landscape=&#8221;50&#8243; mobile=&#8221;40&#8243;][gsf_heading layout_style=&#8221;style-02&#8243; title_color=&#8221;#333333&#8243; title_font_size=&#8221;60&#8243; text_align=&#8221;text-left&#8221; el_class=&#8221;&#8221; title=&#8221;Estes s\u00e3o os nossos ve\u00edculos mais procurados e estas s\u00e3o as raz\u00f5es para tal&#8221;][gsf_space desktop=&#8221;20&#8243; tablet=&#8221;40&#8243; tablet_portrait=&#8221;60&#8243; mobile_landscape=&#8221;50&#8243; mobile=&#8221;40&#8243;][vc_column_text el_class=&#8221;&#8221;]01 de Abril de 2024[\/vc_column_text][gsf_space desktop=&#8221;20&#8243; tablet=&#8221;40&#8243; tablet_portrait=&#8221;60&#8243; mobile_landscape=&#8221;50&#8243; mobile=&#8221;40&#8243;][\/vc_column][\/vc_row][vc_row el_class=&#8221;&#8221;][vc_column el_class=&#8221;&#8221;][vc_column_text el_class=&#8221;&#8221;]Num ambiente empresarial din\u00e2mico e [&hellip;]<\/p>\n","protected":false},"author":4,"featured_media":5727,"comment_status":"open","ping_status":"open","sticky":false,"template":"","format":"standard","meta":{"_acf_changed":false,"footnotes":""},"categories":[102],"tags":[],"class_list":["post-4541","post","type-post","status-publish","format-standard","has-post-thumbnail","hentry","category-sem-categoria"],"acf":[],"yoast_head":"<!-- This site is optimized with the Yoast SEO plugin v26.9 - https:\/\/yoast.com\/product\/yoast-seo-wordpress\/ -->\n<title>Estes s\u00e3o os nossos ve\u00edculos mais procurados e estas s\u00e3o as raz\u00f5es para tal - Transtel<\/title>\n<meta name=\"robots\" content=\"index, follow, max-snippet:-1, max-image-preview:large, max-video-preview:-1\" \/>\n<link rel=\"canonical\" href=\"https:\/\/transtelsa.com\/pt-pt\/blog\/estes-sao-os-nossos-veiculos-mais-procurados-e-estas-sao-as-razoes-para-tal\/\" \/>\n<meta property=\"og:locale\" content=\"pt_PT\" \/>\n<meta property=\"og:type\" content=\"article\" \/>\n<meta property=\"og:title\" content=\"Estes s\u00e3o os nossos ve\u00edculos mais procurados e estas s\u00e3o as raz\u00f5es para tal - Transtel\" \/>\n<meta property=\"og:description\" content=\"[vc_row][vc_column][gsf_banner el_class=&#8221;&#8221; image=&#8221;4546&#8243;][\/gsf_banner][gsf_space desktop=&#8221;20&#8243; tablet=&#8221;40&#8243; tablet_portrait=&#8221;60&#8243; mobile_landscape=&#8221;50&#8243; mobile=&#8221;40&#8243;][vc_column_text el_class=&#8221;&#8221;]Ve\u00edculos[\/vc_column_text][\/vc_column][\/vc_row][vc_row][vc_column][gsf_space desktop=&#8221;20&#8243; tablet=&#8221;40&#8243; tablet_portrait=&#8221;60&#8243; mobile_landscape=&#8221;50&#8243; mobile=&#8221;40&#8243;][gsf_heading layout_style=&#8221;style-02&#8243; title_color=&#8221;#333333&#8243; title_font_size=&#8221;60&#8243; text_align=&#8221;text-left&#8221; el_class=&#8221;&#8221; title=&#8221;Estes s\u00e3o os nossos ve\u00edculos mais procurados e estas s\u00e3o as raz\u00f5es para tal&#8221;][gsf_space desktop=&#8221;20&#8243; tablet=&#8221;40&#8243; tablet_portrait=&#8221;60&#8243; mobile_landscape=&#8221;50&#8243; mobile=&#8221;40&#8243;][vc_column_text el_class=&#8221;&#8221;]01 de Abril de 2024[\/vc_column_text][gsf_space desktop=&#8221;20&#8243; tablet=&#8221;40&#8243; tablet_portrait=&#8221;60&#8243; mobile_landscape=&#8221;50&#8243; mobile=&#8221;40&#8243;][\/vc_column][\/vc_row][vc_row el_class=&#8221;&#8221;][vc_column el_class=&#8221;&#8221;][vc_column_text el_class=&#8221;&#8221;]Num ambiente empresarial din\u00e2mico e [&hellip;]\" \/>\n<meta property=\"og:url\" content=\"https:\/\/transtelsa.com\/pt-pt\/blog\/estes-sao-os-nossos-veiculos-mais-procurados-e-estas-sao-as-razoes-para-tal\/\" \/>\n<meta property=\"og:site_name\" content=\"Transtel\" \/>\n<meta property=\"article:publisher\" content=\"https:\/\/www.facebook.com\/transtelsa\" \/>\n<meta property=\"article:published_time\" content=\"2024-05-23T07:37:21+00:00\" \/>\n<meta property=\"article:modified_time\" content=\"2024-09-26T10:39:16+00:00\" \/>\n<meta property=\"og:image\" content=\"https:\/\/transtelsa.com\/wp-content\/uploads\/2024\/05\/Untitled-design-26-1.png\" \/>\n\t<meta property=\"og:image:width\" content=\"1920\" \/>\n\t<meta property=\"og:image:height\" content=\"1080\" \/>\n\t<meta property=\"og:image:type\" content=\"image\/png\" \/>\n<meta name=\"author\" content=\"TranstelsaPT\" \/>\n<meta name=\"twitter:card\" content=\"summary_large_image\" \/>\n<meta name=\"twitter:creator\" content=\"@PISTO\" \/>\n<meta name=\"twitter:label1\" content=\"Escrito por\" \/>\n\t<meta name=\"twitter:data1\" content=\"TranstelsaPT\" \/>\n\t<meta name=\"twitter:label2\" content=\"Tempo estimado de leitura\" \/>\n\t<meta name=\"twitter:data2\" content=\"5 minutos\" \/>\n<!-- \/ Yoast SEO plugin. -->","yoast_head_json":{"title":"Estes s\u00e3o os nossos ve\u00edculos mais procurados e estas s\u00e3o as raz\u00f5es para tal - Transtel","robots":{"index":"index","follow":"follow","max-snippet":"max-snippet:-1","max-image-preview":"max-image-preview:large","max-video-preview":"max-video-preview:-1"},"canonical":"https:\/\/transtelsa.com\/pt-pt\/blog\/estes-sao-os-nossos-veiculos-mais-procurados-e-estas-sao-as-razoes-para-tal\/","og_locale":"pt_PT","og_type":"article","og_title":"Estes s\u00e3o os nossos ve\u00edculos mais procurados e estas s\u00e3o as raz\u00f5es para tal - Transtel","og_description":"[vc_row][vc_column][gsf_banner el_class=&#8221;&#8221; image=&#8221;4546&#8243;][\/gsf_banner][gsf_space desktop=&#8221;20&#8243; tablet=&#8221;40&#8243; tablet_portrait=&#8221;60&#8243; mobile_landscape=&#8221;50&#8243; mobile=&#8221;40&#8243;][vc_column_text el_class=&#8221;&#8221;]Ve\u00edculos[\/vc_column_text][\/vc_column][\/vc_row][vc_row][vc_column][gsf_space desktop=&#8221;20&#8243; tablet=&#8221;40&#8243; tablet_portrait=&#8221;60&#8243; mobile_landscape=&#8221;50&#8243; mobile=&#8221;40&#8243;][gsf_heading layout_style=&#8221;style-02&#8243; title_color=&#8221;#333333&#8243; title_font_size=&#8221;60&#8243; text_align=&#8221;text-left&#8221; el_class=&#8221;&#8221; title=&#8221;Estes s\u00e3o os nossos ve\u00edculos mais procurados e estas s\u00e3o as raz\u00f5es para tal&#8221;][gsf_space desktop=&#8221;20&#8243; tablet=&#8221;40&#8243; tablet_portrait=&#8221;60&#8243; mobile_landscape=&#8221;50&#8243; mobile=&#8221;40&#8243;][vc_column_text el_class=&#8221;&#8221;]01 de Abril de 2024[\/vc_column_text][gsf_space desktop=&#8221;20&#8243; tablet=&#8221;40&#8243; tablet_portrait=&#8221;60&#8243; mobile_landscape=&#8221;50&#8243; mobile=&#8221;40&#8243;][\/vc_column][\/vc_row][vc_row el_class=&#8221;&#8221;][vc_column el_class=&#8221;&#8221;][vc_column_text el_class=&#8221;&#8221;]Num ambiente empresarial din\u00e2mico e [&hellip;]","og_url":"https:\/\/transtelsa.com\/pt-pt\/blog\/estes-sao-os-nossos-veiculos-mais-procurados-e-estas-sao-as-razoes-para-tal\/","og_site_name":"Transtel","article_publisher":"https:\/\/www.facebook.com\/transtelsa","article_published_time":"2024-05-23T07:37:21+00:00","article_modified_time":"2024-09-26T10:39:16+00:00","og_image":[{"width":1920,"height":1080,"url":"https:\/\/transtelsa.com\/wp-content\/uploads\/2024\/05\/Untitled-design-26-1.png","type":"image\/png"}],"author":"TranstelsaPT","twitter_card":"summary_large_image","twitter_creator":"@PISTO","twitter_misc":{"Escrito por":"TranstelsaPT","Tempo estimado de leitura":"5 minutos"},"schema":{"@context":"https:\/\/schema.org","@graph":[{"@type":"Article","@id":"https:\/\/transtelsa.com\/pt-pt\/blog\/estes-sao-os-nossos-veiculos-mais-procurados-e-estas-sao-as-razoes-para-tal\/#article","isPartOf":{"@id":"https:\/\/transtelsa.com\/pt-pt\/blog\/estes-sao-os-nossos-veiculos-mais-procurados-e-estas-sao-as-razoes-para-tal\/"},"author":{"name":"TranstelsaPT","@id":"https:\/\/transtelsa.com\/#\/schema\/person\/6c0046a8957598287c3921e1247cd567"},"headline":"Estes s\u00e3o os nossos ve\u00edculos mais procurados e estas s\u00e3o as raz\u00f5es para tal","datePublished":"2024-05-23T07:37:21+00:00","dateModified":"2024-09-26T10:39:16+00:00","mainEntityOfPage":{"@id":"https:\/\/transtelsa.com\/pt-pt\/blog\/estes-sao-os-nossos-veiculos-mais-procurados-e-estas-sao-as-razoes-para-tal\/"},"wordCount":1217,"commentCount":0,"publisher":{"@id":"https:\/\/transtelsa.com\/#organization"},"image":{"@id":"https:\/\/transtelsa.com\/pt-pt\/blog\/estes-sao-os-nossos-veiculos-mais-procurados-e-estas-sao-as-razoes-para-tal\/#primaryimage"},"thumbnailUrl":"https:\/\/transtelsa.com\/wp-content\/uploads\/2024\/05\/Untitled-design-26-1.png","inLanguage":"pt-PT","potentialAction":[{"@type":"CommentAction","name":"Comment","target":["https:\/\/transtelsa.com\/pt-pt\/blog\/estes-sao-os-nossos-veiculos-mais-procurados-e-estas-sao-as-razoes-para-tal\/#respond"]}]},{"@type":"WebPage","@id":"https:\/\/transtelsa.com\/pt-pt\/blog\/estes-sao-os-nossos-veiculos-mais-procurados-e-estas-sao-as-razoes-para-tal\/","url":"https:\/\/transtelsa.com\/pt-pt\/blog\/estes-sao-os-nossos-veiculos-mais-procurados-e-estas-sao-as-razoes-para-tal\/","name":"Estes s\u00e3o os nossos ve\u00edculos mais procurados e estas s\u00e3o as raz\u00f5es para tal - Transtel","isPartOf":{"@id":"https:\/\/transtelsa.com\/#website"},"primaryImageOfPage":{"@id":"https:\/\/transtelsa.com\/pt-pt\/blog\/estes-sao-os-nossos-veiculos-mais-procurados-e-estas-sao-as-razoes-para-tal\/#primaryimage"},"image":{"@id":"https:\/\/transtelsa.com\/pt-pt\/blog\/estes-sao-os-nossos-veiculos-mais-procurados-e-estas-sao-as-razoes-para-tal\/#primaryimage"},"thumbnailUrl":"https:\/\/transtelsa.com\/wp-content\/uploads\/2024\/05\/Untitled-design-26-1.png","datePublished":"2024-05-23T07:37:21+00:00","dateModified":"2024-09-26T10:39:16+00:00","inLanguage":"pt-PT","potentialAction":[{"@type":"ReadAction","target":["https:\/\/transtelsa.com\/pt-pt\/blog\/estes-sao-os-nossos-veiculos-mais-procurados-e-estas-sao-as-razoes-para-tal\/"]}]},{"@type":"ImageObject","inLanguage":"pt-PT","@id":"https:\/\/transtelsa.com\/pt-pt\/blog\/estes-sao-os-nossos-veiculos-mais-procurados-e-estas-sao-as-razoes-para-tal\/#primaryimage","url":"https:\/\/transtelsa.com\/wp-content\/uploads\/2024\/05\/Untitled-design-26-1.png","contentUrl":"https:\/\/transtelsa.com\/wp-content\/uploads\/2024\/05\/Untitled-design-26-1.png","width":1920,"height":1080,"caption":"Untitled design 26 1"},{"@type":"WebSite","@id":"https:\/\/transtelsa.com\/#website","url":"https:\/\/transtelsa.com\/","name":"Transtel SA","description":"\u27a1\ufe0f Aluguel e Loca\u00e7\u00e3o de Ve\u00edculos Industriais | Transtel SA","publisher":{"@id":"https:\/\/transtelsa.com\/#organization"},"potentialAction":[{"@type":"SearchAction","target":{"@type":"EntryPoint","urlTemplate":"https:\/\/transtelsa.com\/?s={search_term_string}"},"query-input":{"@type":"PropertyValueSpecification","valueRequired":true,"valueName":"search_term_string"}}],"inLanguage":"pt-PT"},{"@type":"Organization","@id":"https:\/\/transtelsa.com\/#organization","name":"Transtel SA","url":"https:\/\/transtelsa.com\/","logo":{"@type":"ImageObject","inLanguage":"pt-PT","@id":"https:\/\/transtelsa.com\/#\/schema\/logo\/image\/","url":"https:\/\/transtelsa.com\/wp-content\/uploads\/2023\/03\/cropped-transtelfavicon.png","contentUrl":"https:\/\/transtelsa.com\/wp-content\/uploads\/2023\/03\/cropped-transtelfavicon.png","width":512,"height":512,"caption":"Transtel SA"},"image":{"@id":"https:\/\/transtelsa.com\/#\/schema\/logo\/image\/"},"sameAs":["https:\/\/www.facebook.com\/transtelsa","https:\/\/www.instagram.com\/transtelsa\/","https:\/\/www.linkedin.com\/company\/transtel-sa\/","https:\/\/www.youtube.com\/@transtelsa"]},{"@type":"Person","@id":"https:\/\/transtelsa.com\/#\/schema\/person\/6c0046a8957598287c3921e1247cd567","name":"TranstelsaPT","image":{"@type":"ImageObject","inLanguage":"pt-PT","@id":"https:\/\/transtelsa.com\/#\/schema\/person\/image\/","url":"https:\/\/secure.gravatar.com\/avatar\/e317d26bea46da66a6fe556b3fc0c9835105b999f4aa98f4493564ef375e29b5?s=96&d=mm&r=g","contentUrl":"https:\/\/secure.gravatar.com\/avatar\/e317d26bea46da66a6fe556b3fc0c9835105b999f4aa98f4493564ef375e29b5?s=96&d=mm&r=g","caption":"TranstelsaPT"},"sameAs":["https:\/\/x.com\/PISTO"],"url":"https:\/\/transtelsa.com\/pt-pt\/blog\/author\/transtelsapt\/"}]}},"_links":{"self":[{"href":"https:\/\/transtelsa.com\/pt-pt\/wp-json\/wp\/v2\/posts\/4541","targetHints":{"allow":["GET"]}}],"collection":[{"href":"https:\/\/transtelsa.com\/pt-pt\/wp-json\/wp\/v2\/posts"}],"about":[{"href":"https:\/\/transtelsa.com\/pt-pt\/wp-json\/wp\/v2\/types\/post"}],"author":[{"embeddable":true,"href":"https:\/\/transtelsa.com\/pt-pt\/wp-json\/wp\/v2\/users\/4"}],"replies":[{"embeddable":true,"href":"https:\/\/transtelsa.com\/pt-pt\/wp-json\/wp\/v2\/comments?post=4541"}],"version-history":[{"count":3,"href":"https:\/\/transtelsa.com\/pt-pt\/wp-json\/wp\/v2\/posts\/4541\/revisions"}],"predecessor-version":[{"id":5741,"href":"https:\/\/transtelsa.com\/pt-pt\/wp-json\/wp\/v2\/posts\/4541\/revisions\/5741"}],"wp:featuredmedia":[{"embeddable":true,"href":"https:\/\/transtelsa.com\/pt-pt\/wp-json\/wp\/v2\/media\/5727"}],"wp:attachment":[{"href":"https:\/\/transtelsa.com\/pt-pt\/wp-json\/wp\/v2\/media?parent=4541"}],"wp:term":[{"taxonomy":"category","embeddable":true,"href":"https:\/\/transtelsa.com\/pt-pt\/wp-json\/wp\/v2\/categories?post=4541"},{"taxonomy":"post_tag","embeddable":true,"href":"https:\/\/transtelsa.com\/pt-pt\/wp-json\/wp\/v2\/tags?post=4541"}],"curies":[{"name":"wp","href":"https:\/\/api.w.org\/{rel}","templated":true}]}}